{"id":65970,"date":"2025-05-01T03:40:48","date_gmt":"2025-05-01T03:40:48","guid":{"rendered":"https:\/\/www.europesays.com\/fr\/65970\/"},"modified":"2025-05-01T03:40:48","modified_gmt":"2025-05-01T03:40:48","slug":"nancy-le-leader-national-du-detatouage-au-laser-est-nanceien","status":"publish","type":"post","link":"https:\/\/www.europesays.com\/fr\/65970\/","title":{"rendered":"Nancy. Le leader national du d\u00e9tatouage au laser est nanc\u00e9ien"},"content":{"rendered":"<p>On efface tout et \u00e9ventuellement on recommence. Voici la promesse de CrtlZ.<\/p>\n<p>Cliente nanc\u00e9ienne, Oc\u00e9ane a franchi le pas-de-porte de la nouvelle enseigne sp\u00e9cialis\u00e9e dans le <a href=\"https:\/\/www.estrepublicain.fr\/edition-de-nancy-ville\/2015\/10\/21\/nancy-le-laser-solution-la-plus-fiable-pour-le-detatouage\" target=\"_blank\" rel=\"nofollow noopener\">d\u00e9tatouage<\/a> au laser, install\u00e9e rue des Carmes : \u00ab J\u2019\u00e9tais un peu jeune, 18-19 ans, lorsque j\u2019ai fait sur mon bras un petit tatouage avec mon amoureux de l\u2019\u00e9poque. Aujourd\u2019hui, je n\u2019en veux plus. J\u2019avais vu des vid\u00e9os mais j\u2019avais un peu d\u2019appr\u00e9hension avant de franchir le cap. Je ne cache pas que ce n\u2019est pas une partie de plaisir, la douleur dure le temps de l\u2019acte. Pendant la cicatrisation, cela ressemble \u00e0 une petite douleur de br\u00fblure.\u00a0 \u00bb<\/p>\n<p>Le laser fragmente le pigment de coloration qui sera ensuite&#8230;<\/p>\n","protected":false},"excerpt":{"rendered":"On efface tout et \u00e9ventuellement on recommence. Voici la promesse de CrtlZ. Cliente nanc\u00e9ienne, Oc\u00e9ane a franchi le&hellip;\n","protected":false},"author":2,"featured_media":65971,"comment_status":"","ping_status":"","sticky":false,"template":"","format":"standard","meta":{"footnotes":""},"categories":[9635],"tags":[1111,11,1477,4406,1687,33,1777,674,1011,27,775,1757,1702,12,3456,25],"class_list":{"0":"post-65970","1":"post","2":"type-post","3":"status-publish","4":"format-standard","5":"has-post-thumbnail","7":"category-nancy","8":"tag-actu","9":"tag-actualites","10":"tag-artisanat","11":"tag-commerce-et-services","12":"tag-culture-loisirs","13":"tag-economie","14":"tag-eu","15":"tag-europe","16":"tag-fr","17":"tag-france","18":"tag-grand-est","19":"tag-insolite","20":"tag-nancy","21":"tag-news","22":"tag-region-lorraine","23":"tag-republique-francaise"},"share_on_mastodon":{"url":"https:\/\/pubeurope.com\/@fr\/114430507957788229","error":""},"_links":{"self":[{"href":"https:\/\/www.europesays.com\/fr\/wp-json\/wp\/v2\/posts\/65970","targetHints":{"allow":["GET"]}}],"collection":[{"href":"https:\/\/www.europesays.com\/fr\/wp-json\/wp\/v2\/posts"}],"about":[{"href":"https:\/\/www.europesays.com\/fr\/wp-json\/wp\/v2\/types\/post"}],"author":[{"embeddable":true,"href":"https:\/\/www.europesays.com\/fr\/wp-json\/wp\/v2\/users\/2"}],"replies":[{"embeddable":true,"href":"https:\/\/www.europesays.com\/fr\/wp-json\/wp\/v2\/comments?post=65970"}],"version-history":[{"count":0,"href":"https:\/\/www.europesays.com\/fr\/wp-json\/wp\/v2\/posts\/65970\/revisions"}],"wp:featuredmedia":[{"embeddable":true,"href":"https:\/\/www.europesays.com\/fr\/wp-json\/wp\/v2\/media\/65971"}],"wp:attachment":[{"href":"https:\/\/www.europesays.com\/fr\/wp-json\/wp\/v2\/media?parent=65970"}],"wp:term":[{"taxonomy":"category","embeddable":true,"href":"https:\/\/www.europesays.com\/fr\/wp-json\/wp\/v2\/categories?post=65970"},{"taxonomy":"post_tag","embeddable":true,"href":"https:\/\/www.europesays.com\/fr\/wp-json\/wp\/v2\/tags?post=65970"}],"curies":[{"name":"wp","href":"https:\/\/api.w.org\/{rel}","templated":true}]}}