{"id":659701,"date":"2026-01-13T02:30:13","date_gmt":"2026-01-13T02:30:13","guid":{"rendered":"https:\/\/www.europesays.com\/fr\/659701\/"},"modified":"2026-01-13T02:30:13","modified_gmt":"2026-01-13T02:30:13","slug":"ainsi-etait-lentrainant-rolland-courbis","status":"publish","type":"post","link":"https:\/\/www.europesays.com\/fr\/659701\/","title":{"rendered":"ainsi \u00e9tait l&rsquo;entra\u00eenant Rolland Courbis"},"content":{"rendered":"\n<p>(1) Sous son mandat d&rsquo;entra\u00eeneur au Sporting Club de Toulon, d&rsquo;octobre 1986 \u00e0 f\u00e9vrier 1990, une caisse noire avait \u00e9t\u00e9 mise en place afin de dissimuler des revenus non d\u00e9clar\u00e9s issus de transferts de joueurs. En janvier 1995, Courbis a \u00e9t\u00e9 condamn\u00e9  \u00e0 trois ans de prison avec sursis et 300 000 francs d&rsquo;amende (72 800 euros) pour faux, usage de faux et abus de biens sociaux. <br \/>(2) Poursuivi pour des soup\u00e7ons de commissions occultes per\u00e7ues entre 1997 et 1999 comme entra\u00eeneur de l&rsquo;OM, Courbis avait \u00e9t\u00e9 condamn\u00e9 en appel, en octobre 2007, \u00e0 deux ans de prison ferme et \u00e0 200 000 euros d&rsquo;amende.<\/p>\n","protected":false},"excerpt":{"rendered":"(1) Sous son mandat d&rsquo;entra\u00eeneur au Sporting Club de Toulon, d&rsquo;octobre 1986 \u00e0 f\u00e9vrier 1990, une caisse noire&hellip;\n","protected":false},"author":2,"featured_media":659702,"comment_status":"","ping_status":"","sticky":false,"template":"","format":"standard","meta":{"footnotes":""},"categories":[2],"tags":[11,1011,27,12],"class_list":{"0":"post-659701","1":"post","2":"type-post","3":"status-publish","4":"format-standard","5":"has-post-thumbnail","7":"category-actualites","8":"tag-actualites","9":"tag-fr","10":"tag-france","11":"tag-news"},"share_on_mastodon":{"url":"https:\/\/pubeurope.com\/@fr\/115885442493685323","error":""},"_links":{"self":[{"href":"https:\/\/www.europesays.com\/fr\/wp-json\/wp\/v2\/posts\/659701","targetHints":{"allow":["GET"]}}],"collection":[{"href":"https:\/\/www.europesays.com\/fr\/wp-json\/wp\/v2\/posts"}],"about":[{"href":"https:\/\/www.europesays.com\/fr\/wp-json\/wp\/v2\/types\/post"}],"author":[{"embeddable":true,"href":"https:\/\/www.europesays.com\/fr\/wp-json\/wp\/v2\/users\/2"}],"replies":[{"embeddable":true,"href":"https:\/\/www.europesays.com\/fr\/wp-json\/wp\/v2\/comments?post=659701"}],"version-history":[{"count":0,"href":"https:\/\/www.europesays.com\/fr\/wp-json\/wp\/v2\/posts\/659701\/revisions"}],"wp:featuredmedia":[{"embeddable":true,"href":"https:\/\/www.europesays.com\/fr\/wp-json\/wp\/v2\/media\/659702"}],"wp:attachment":[{"href":"https:\/\/www.europesays.com\/fr\/wp-json\/wp\/v2\/media?parent=659701"}],"wp:term":[{"taxonomy":"category","embeddable":true,"href":"https:\/\/www.europesays.com\/fr\/wp-json\/wp\/v2\/categories?post=659701"},{"taxonomy":"post_tag","embeddable":true,"href":"https:\/\/www.europesays.com\/fr\/wp-json\/wp\/v2\/tags?post=659701"}],"curies":[{"name":"wp","href":"https:\/\/api.w.org\/{rel}","templated":true}]}}