{"id":659710,"date":"2026-01-13T02:37:18","date_gmt":"2026-01-13T02:37:18","guid":{"rendered":"https:\/\/www.europesays.com\/fr\/659710\/"},"modified":"2026-01-13T02:37:18","modified_gmt":"2026-01-13T02:37:18","slug":"montpellier-une-petition-demande-a-la-mairie-et-a-la-prefecture-lactivation-du-plan-grand-froid-2","status":"publish","type":"post","link":"https:\/\/www.europesays.com\/fr\/659710\/","title":{"rendered":"Montpellier : une p\u00e9tition demande \u00e0 la mairie et \u00e0 la pr\u00e9fecture l&rsquo;activation du plan Grand froid"},"content":{"rendered":"<p>\t\t\t\t<a href=\"https:\/\/www.europesays.com\/fr\/wp-content\/uploads\/2026\/01\/petition-grand-froid.jpg\" data-lightbox=\"lb\" data-title=\"Depuis le 4 janvier, l'association Solidarit\u00e9 Partag\u00e9e manifeste quasi-quotidiennement pour demander l'activation du plan grand froid. (\" le=\"\" poing=\"\"><br \/>\n\t\t\t\t\t<img decoding=\"async\" class=\"wp-image-7214 size-full\" src=\"https:\/\/www.europesays.com\/fr\/wp-content\/uploads\/2026\/01\/petition-grand-froid.jpg\"\/><br \/>\n\t\t\t\t<\/a><\/p>\n<p>Depuis le 4 janvier, l&rsquo;association Solidarit\u00e9 Partag\u00e9e manifeste quasi-quotidiennement pour demander l&rsquo;activation du plan grand froid. (\u00ab\u00a0Le Poing\u00a0\u00bb)<\/p>\n<p><strong>Ce lundi 12 janvier, une quarantaine de personnes s\u2019est r\u00e9unie devant la mairie de Montpellier pour tenter de remettre au maire une p\u00e9tition demandant l\u2019ouverture de lieux d\u2019accueils pour abriter les personnes vivant \u00e0 la rue dans ces p\u00e9riodes de grand froid<\/strong><\/p>\n<p>Les grilles de l\u2019h\u00f4tel de ville se ferment alors qu\u2019une quarantaine de personnes se rassemble devant le b\u00e2timent. \u201cOn vient pour remettre une p\u00e9tition au maire pour lui demander d\u2019ouvrir des gymnases pour accueillir des personnes \u00e0 la rue\u201d, explique Samuel Forest, fondateur de <a href=\"https:\/\/lepoing.net\/ne-pas-sy-habituer-a-montpellier-nouveau-rassemblement-pour-une-famille-a-la-rue\/\" target=\"_blank\" rel=\"noreferrer noopener\">l\u2019association Solidarit\u00e9 Partag\u00e9e<\/a>, sp\u00e9cialis\u00e9e dans l\u2019ouverture de lieux pour loger des gens dans le besoin. Le texte, qui a r\u00e9colt\u00e9<a href=\"https:\/\/www.change.org\/p\/demandons-au-maire-d-agir-pour-les-sans-abri-face-au-froid?recruiter=1171397016&amp;recruited_by_id=fbbf0090-4aef-11eb-b8df-3d57b4207723\" target=\"_blank\" rel=\"noopener\"> 600 signatures depuis le 7 janvier<\/a>, exhorte \u201cla pr\u00e9fecture et la mairie de Montpellier d\u2019activer le plan grand froid. Cela comprend la r\u00e9quisition des gymnases et autres lieux vacants pour qu\u2019ils puissent servir d\u2019h\u00e9bergement temporaire et l\u2019organisation d\u2019un syst\u00e8me d\u2019accueil bien structur\u00e9 et adapt\u00e9 pour toutes ces personnes en d\u00e9tresse.\u201d <\/p>\n<p>Depuis le 4 janvier, l\u2019association manifeste quasiment quotidiennement devant la pr\u00e9fecture de l\u2019H\u00e9rault. \u201cIl y a urgence\u201d, mart\u00e8le Samuel Forest, en \u00e9voquant la mort d\u2019un jeune homme de 28 ans dans les rues de Montpellier le 30 d\u00e9cembre dernier, \u00e0 l suite d\u2019une hypothermie. \u201cLa mairie \u00e0 ouvert un gymnase de 55 places pendant quatre jours alors qu\u2019on estime que 1 000 personnes dorment \u00e0 la rue \u00e0 Montpellier, ce n\u2019est clairement pas assez, nous demandons la r\u00e9quisition de lieux pour de l\u2019h\u00e9bergement\u201d, pr\u00e9cise-t-il. <\/p>\n<p>Antoine, travailleur social syndiqu\u00e9 chez Sud Sant\u00e9 Sociaux, pointe quant \u00e0 lui la responsabilit\u00e9 de l\u2019\u00c9tat :\u201cC\u2019est la comp\u00e9tence de l\u2019\u00c9tat de financer des structures qui permettent l\u2019accompagnement pour l\u2019h\u00e9bergement d\u2019urgence des personnes. Le Conseil d\u00e9partemental a la m\u00eame comp\u00e9tence pour les mineurs, il est \u00e9galement responsable. Ils se renvoient tous la balle.\u201d<\/p>\n<p>A la fin du rassemblement, Fatima, une femme vivant \u00e0 la rue, prend la parole au micro en se cachant derri\u00e8re une grande \u00e9charpe. \u201cC\u2019est dur, je suis tomb\u00e9e malade, il nous faudrait une grande salle chauff\u00e9e. J\u2019ai beau appeler le 115 pour un h\u00e9bergement d\u2019urgence plusieurs fois par jour, c\u2019est satur\u00e9, j\u2019en ai marre.\u201d <\/p>\n<p>Venus pour rencontrer Micha\u00ebl Delafosse, maire de Montpellier, les manifestants n\u2019ont pas \u00e9t\u00e9 re\u00e7us. Les organisateurs du rassemblements appellent \u00e0 une r\u00e9union publique sur la question du sans-abrisme ce mercredi 14 janvier \u00e0 18 h 30 \u00e0 la brasserie Le D\u00f4me (arr\u00eat de tram Saint-Denis, ligne 3.) <\/p>\n<p>Nos articles sont gratuits car nous pensons que la presse ind\u00e9pendante doit \u00eatre accessible \u00e0 toutes et tous. Pourtant, produire une information engag\u00e9e et de qualit\u00e9 n\u00e9cessite du temps et de l\u2019argent, surtout quand on refuse d\u2019\u00eatre aux ordres de Bollor\u00e9 et de ses amis\u2026 Pourvu que \u00e7a dure\u00a0! \u00c7a tombe bien, \u00e7a ne tient qu\u2019\u00e0 vous :<\/p>\n","protected":false},"excerpt":{"rendered":"Depuis le 4 janvier, l&rsquo;association Solidarit\u00e9 Partag\u00e9e manifeste quasi-quotidiennement pour demander l&rsquo;activation du plan grand froid. (\u00ab\u00a0Le Poing\u00a0\u00bb)&hellip;\n","protected":false},"author":2,"featured_media":658671,"comment_status":"","ping_status":"","sticky":false,"template":"","format":"standard","meta":{"footnotes":""},"categories":[9599],"tags":[1111,11,1777,674,1011,27,2208,12,2680,25],"class_list":{"0":"post-659710","1":"post","2":"type-post","3":"status-publish","4":"format-standard","5":"has-post-thumbnail","7":"category-montpellier","8":"tag-actu","9":"tag-actualites","10":"tag-eu","11":"tag-europe","12":"tag-fr","13":"tag-france","14":"tag-montpellier","15":"tag-news","16":"tag-occitanie","17":"tag-republique-francaise"},"share_on_mastodon":{"url":"https:\/\/pubeurope.com\/@fr\/115885470302681915","error":""},"_links":{"self":[{"href":"https:\/\/www.europesays.com\/fr\/wp-json\/wp\/v2\/posts\/659710","targetHints":{"allow":["GET"]}}],"collection":[{"href":"https:\/\/www.europesays.com\/fr\/wp-json\/wp\/v2\/posts"}],"about":[{"href":"https:\/\/www.europesays.com\/fr\/wp-json\/wp\/v2\/types\/post"}],"author":[{"embeddable":true,"href":"https:\/\/www.europesays.com\/fr\/wp-json\/wp\/v2\/users\/2"}],"replies":[{"embeddable":true,"href":"https:\/\/www.europesays.com\/fr\/wp-json\/wp\/v2\/comments?post=659710"}],"version-history":[{"count":0,"href":"https:\/\/www.europesays.com\/fr\/wp-json\/wp\/v2\/posts\/659710\/revisions"}],"wp:featuredmedia":[{"embeddable":true,"href":"https:\/\/www.europesays.com\/fr\/wp-json\/wp\/v2\/media\/658671"}],"wp:attachment":[{"href":"https:\/\/www.europesays.com\/fr\/wp-json\/wp\/v2\/media?parent=659710"}],"wp:term":[{"taxonomy":"category","embeddable":true,"href":"https:\/\/www.europesays.com\/fr\/wp-json\/wp\/v2\/categories?post=659710"},{"taxonomy":"post_tag","embeddable":true,"href":"https:\/\/www.europesays.com\/fr\/wp-json\/wp\/v2\/tags?post=659710"}],"curies":[{"name":"wp","href":"https:\/\/api.w.org\/{rel}","templated":true}]}}