{"id":659711,"date":"2026-01-13T02:38:16","date_gmt":"2026-01-13T02:38:16","guid":{"rendered":"https:\/\/www.europesays.com\/fr\/659711\/"},"modified":"2026-01-13T02:38:16","modified_gmt":"2026-01-13T02:38:16","slug":"montpellier-officiel-pour-hastings-sports","status":"publish","type":"post","link":"https:\/\/www.europesays.com\/fr\/659711\/","title":{"rendered":"Montpellier : Officiel pour Hastings : Sports"},"content":{"rendered":"<p class=\"date\">\n                                                            Aur\u00e9lie Sacchelli, Media365, publi\u00e9 le lundi 12 janvier 2026 \u00e0 18h37\n                                                    <\/p>\n<p>Le club de Montpellier a officialis\u00e9 l&rsquo;arriv\u00e9e de l&rsquo;ouvreur international \u00e9cossais des Glasgow Warriors Adam Hastings, fils du l\u00e9gendaire Gavin, pour les deux prochaines saisons.<\/p>\n<p><a href=\"https:\/\/sports.orange.fr\/rugby\/top-14\/montpellier\/article\/montpellier-hastings-aurait-donne-son-accord-CNT000002mqy5a.html\" target=\"_blank\" rel=\"noopener\">C&rsquo;\u00e9tait dans les tuyaux depuis plusieurs semaines<\/a>, c&rsquo;est d\u00e9sormais officiel. Adam Hastings sera bel et bien un joueur de Montpellier ces deux prochaines saisons. Le MHR a annonc\u00e9 la nouvelle \u00e0 ses supporters ce lundi, via son compte Instagram : \u00ab\u00a0Le demi d&rsquo;ouverture international \u00e9cossais Adam Hastings s&rsquo;est engag\u00e9 avec le Montpellier H\u00e9rault Rugby et portera les couleurs montpelli\u00e9raines \u00e0 partir de la saison 2026-2027. En provenance de Glasgow, il s&rsquo;engage jusqu&rsquo;en 2028.\u00a0\u00bb <strong>Ag\u00e9 de 29 ans, l&rsquo;ouvreur, qui peut \u00e9galement jouer \u00e0 l&rsquo;arri\u00e8re, n&rsquo;a connu jusque-l\u00e0 que des clubs britanniques : Bath (2014-17), Glasgow (2017-21 puis 2024-25) et Gloucester (2021-24).<\/strong><\/p>\n<p>Hastings rejoints d&rsquo;autres Ecossais au MHR<\/p>\n<p>Il va donc d\u00e9couvrir le Top 14, et rejoindre au MHR plusieurs de ses compatriotes qu&rsquo;il c\u00f4toie \u00e9galement au sein du XV du Chardon : l&rsquo;ouvreur Stuart Hogg (qui peut \u00e9galement \u00e9voluer \u00e0 l&rsquo;arri\u00e8re), arriv\u00e9 en 2024 dans l&rsquo;H\u00e9rault en provenance d&rsquo;Exeter, et le demi de m\u00eal\u00e9e Ali Price, arriv\u00e9 cet \u00e9t\u00e9 apr\u00e8s deux saisons \u00e0 Edimbourg.<strong> Adam Hastings (36 s\u00e9lections) a disput\u00e9 douze matchs avec les Warriors cette saison, dont dix comme titulaire, et a inscrit 60 points.<\/strong> Il en avait notamment inscrit 10 lors de la victoire de son \u00e9quipe contre Toulouse \u00e0 la mi-d\u00e9cembre, mais il n&rsquo;a en revanche pas jou\u00e9 samedi lors de la victoire \u00e0 Clermont.<\/p>\n<p>Caudullo : \u00ab\u00a0Quelqu&rsquo;un qui peut am\u00e9liorer notre jeu offensivement\u00a0\u00bb<\/p>\n<p>\u00ab\u00a0C&rsquo;est un joueur qu&rsquo;on suit depuis tr\u00e8s longtemps. Le march\u00e9 des Jiff (\u00ab\u00a0jeunes issus de la formation fran\u00e7aise\u00a0\u00bb) au poste de 10 est assez ferm\u00e9 avec des joueurs sous contrat. On est parti sur un non-jiff. C&rsquo;est quelqu&rsquo;un qui peut am\u00e9liorer notre jeu offensivement m\u00eame si on joue de mieux en mieux. <strong>Et c&rsquo;est un tr\u00e8s bon buteur<\/strong>\u00ab\u00a0, confiait ce dimanche \u00e0 Midi Libre le manager Joan Caudullo. Adam Hastings est issue d&rsquo;une grande famille de rugby. Son p\u00e8re \u00e9tait le l\u00e9gendaire Gavin Hastings, meilleur marqueur de points en Coupe du Monde avant d&rsquo;\u00eatre d\u00e9pass\u00e9 par Jonny Wilkinson en 2007, et le neveu de Scott Hastings, ancien recordman de s\u00e9lections en \u00e9quipe d&rsquo;Ecosse.<\/p>\n","protected":false},"excerpt":{"rendered":"Aur\u00e9lie Sacchelli, Media365, publi\u00e9 le lundi 12 janvier 2026 \u00e0 18h37 Le club de Montpellier a officialis\u00e9 l&rsquo;arriv\u00e9e&hellip;\n","protected":false},"author":2,"featured_media":659712,"comment_status":"","ping_status":"","sticky":false,"template":"","format":"standard","meta":{"footnotes":""},"categories":[9599],"tags":[1111,11,1777,674,1011,27,2208,12,2680,25],"class_list":{"0":"post-659711","1":"post","2":"type-post","3":"status-publish","4":"format-standard","5":"has-post-thumbnail","7":"category-montpellier","8":"tag-actu","9":"tag-actualites","10":"tag-eu","11":"tag-europe","12":"tag-fr","13":"tag-france","14":"tag-montpellier","15":"tag-news","16":"tag-occitanie","17":"tag-republique-francaise"},"share_on_mastodon":{"url":"https:\/\/pubeurope.com\/@fr\/115885473962424662","error":""},"_links":{"self":[{"href":"https:\/\/www.europesays.com\/fr\/wp-json\/wp\/v2\/posts\/659711","targetHints":{"allow":["GET"]}}],"collection":[{"href":"https:\/\/www.europesays.com\/fr\/wp-json\/wp\/v2\/posts"}],"about":[{"href":"https:\/\/www.europesays.com\/fr\/wp-json\/wp\/v2\/types\/post"}],"author":[{"embeddable":true,"href":"https:\/\/www.europesays.com\/fr\/wp-json\/wp\/v2\/users\/2"}],"replies":[{"embeddable":true,"href":"https:\/\/www.europesays.com\/fr\/wp-json\/wp\/v2\/comments?post=659711"}],"version-history":[{"count":0,"href":"https:\/\/www.europesays.com\/fr\/wp-json\/wp\/v2\/posts\/659711\/revisions"}],"wp:featuredmedia":[{"embeddable":true,"href":"https:\/\/www.europesays.com\/fr\/wp-json\/wp\/v2\/media\/659712"}],"wp:attachment":[{"href":"https:\/\/www.europesays.com\/fr\/wp-json\/wp\/v2\/media?parent=659711"}],"wp:term":[{"taxonomy":"category","embeddable":true,"href":"https:\/\/www.europesays.com\/fr\/wp-json\/wp\/v2\/categories?post=659711"},{"taxonomy":"post_tag","embeddable":true,"href":"https:\/\/www.europesays.com\/fr\/wp-json\/wp\/v2\/tags?post=659711"}],"curies":[{"name":"wp","href":"https:\/\/api.w.org\/{rel}","templated":true}]}}