{"id":659720,"date":"2026-01-13T02:45:15","date_gmt":"2026-01-13T02:45:15","guid":{"rendered":"https:\/\/www.europesays.com\/fr\/659720\/"},"modified":"2026-01-13T02:45:15","modified_gmt":"2026-01-13T02:45:15","slug":"strasbourg-rassemblement-contre-lexpulsion-dune-famille-en-plein-hiver-mercredi","status":"publish","type":"post","link":"https:\/\/www.europesays.com\/fr\/659720\/","title":{"rendered":"Strasbourg. Rassemblement contre l&rsquo;expulsion d&rsquo;une famille en plein hiver mercredi"},"content":{"rendered":"<p class=\"wp-block-post-excerpt__excerpt\">Contre l\u2019expulsion d\u2019une famille de quatre enfants, le comit\u00e9 droit au logement du Bas-Rhin appelle \u00e0 un rassemblement, mercredi 14 janvier \u00e0 10h, devant un centre d\u2019accueil de demandeurs d\u2019asile \u00e0 Cronenbourg. <\/p>\n<p class=\"font-sans\">\n\t\t\tCet article est en acc\u00e8s libre. Pour soutenir Rue89 Strasbourg,<br \/>\n\t\t\t<a class=\"underline\" href=\"https:\/\/www.rue89strasbourg.com\/abonnement\" target=\"_blank\" rel=\"noopener\">abonnez-vous<\/a>.\n\t\t<\/p>\n<p>Emeric Eymet<\/p>\n<p>Publi\u00e9 le 12 janvier 2026\u00a0\u00a0\u00b7\u00a0\u00a0<\/p>\n<p>Imprim\u00e9 le 13 janvier 2026 \u00e0 02h50\u00a0\u00a0\u00b7\u00a0\u00a0<\/p>\n<p>Modifi\u00e9 le 12 janvier 2026\u00a0\u00a0\u00b7\u00a0\u00a0<\/p>\n<p>\t\t\t\t\t1\u00a0minute\n<\/p>\n<p>Pas de tr\u00eave hivernale pour les demandeurs d\u2019asile. En France, en 2026, il reste possible d\u2019expulser des personnes de leur logement en plein hiver. C\u2019est le cas pour une famille avec quatre enfants, originaire d\u2019Afghanistan, sur le point d\u2019\u00eatre mise \u00e0 la rue \u00e0 Strasbourg. Elle est h\u00e9berg\u00e9e dans un centre d\u2019accueil de demandeurs d\u2019asile (CADA) du Foyer Notre-Dame. La m\u00e8re est enceinte de 8 mois. Le comit\u00e9 du droit au logement du Bas-Rhin (DAL 67) appelle \u00e0 un rassemblement contre cette expulsion mercredi 14 janvier \u00e0 10h, devant le CADA les C\u00e8dres situ\u00e9 au 5 rue Jacob Meyer \u00e0 Cronenbourg.<\/p>\n<p>Une situation que Sylwan, membre du DAL 67, d\u00e9nonce : <\/p>\n<blockquote class=\"wp-block-quote is-layout-flow wp-block-quote-is-layout-flow\">\n<p>\u00ab\u00a0On a \u00e9t\u00e9 inform\u00e9s en urgence de cette situation. La famille a re\u00e7u la mise en demeure de la pr\u00e9fecture le 6 janvier et peut \u00eatre expuls\u00e9e \u00e0 tout moment. Ces personnes risquent de se retrouver \u00e0 la rue, parce que les services d\u2019h\u00e9bergement d\u2019urgence sont tous satur\u00e9s \u00e0 Strasbourg.\u00a0\u00bb<\/p>\n<\/blockquote>\n<p>\t\tExpulsion en pleine tr\u00eave hivernale<\/p>\n<p>La tr\u00eave hivernale, du 1er novembre au 31 mars emp\u00eache les expulsions de locataires. Mais cette famille afghane fait face \u00e0 la duret\u00e9 du traitement des r\u00e9fugi\u00e9s. Elle a obtenu l\u2019asile et doit donc th\u00e9oriquement quitter le centre d\u2019accueil pour demandeurs d\u2019asile, avec une proposition de relogement par l\u2019Office fran\u00e7ais de l\u2019immigration et de l\u2019int\u00e9gration (OFII).<\/p>\n<p>Dans le cas de cette famille, l\u2019OFII a propos\u00e9 un relogement \u00e0 Colmar, alors m\u00eame que les enfants sont scolaris\u00e9s \u00e0 Strasbourg et que les parents y travaillent. C\u2019est \u00e0 cause de ce refus que la famille risque l\u2019expulsion sans relogement. \u00ab\u00a0Les \u00e9changes entre la famille et le CADA ont \u00e9t\u00e9 profond\u00e9ment bureaucratiques. Les arguments de la famille n\u2019ont pas du tout \u00e9t\u00e9 entendus et la proc\u00e9dure d\u2019expulsion s\u2019applique sans discussion\u00a0\u00bb, poursuit Sylwan.\u00a0<\/p>\n<p>Contact\u00e9, le Foyer Notre-Dame n\u2019a pas donn\u00e9 suite \u00e0 notre sollicitation.<\/p>\n<p>Y <strong>aller<\/strong><\/p>\n<p><strong>Rassemblement contre l\u2019expulsion d\u2019une famille<\/strong> \u00e0 l\u2019appel du DAL 67, mercredi 14 janvier \u00e0 10h, au 5 rue Jacob Meyer \u00e0 Strasbourg \u2013 Cronenbourg<\/p>\n","protected":false},"excerpt":{"rendered":"Contre l\u2019expulsion d\u2019une famille de quatre enfants, le comit\u00e9 droit au logement du Bas-Rhin appelle \u00e0 un rassemblement,&hellip;\n","protected":false},"author":2,"featured_media":659721,"comment_status":"","ping_status":"","sticky":false,"template":"","format":"standard","meta":{"footnotes":""},"categories":[2820],"tags":[18077,1111,11,1777,674,1011,27,775,3909,2088,12,25,640],"class_list":{"0":"post-659720","1":"post","2":"type-post","3":"status-publish","4":"format-standard","5":"has-post-thumbnail","7":"category-strasbourg","8":"tag-accueil-des-migrants","9":"tag-actu","10":"tag-actualites","11":"tag-eu","12":"tag-europe","13":"tag-fr","14":"tag-france","15":"tag-grand-est","16":"tag-hebergement-durgence","17":"tag-manifestation","18":"tag-news","19":"tag-republique-francaise","20":"tag-strasbourg"},"share_on_mastodon":{"url":"https:\/\/pubeurope.com\/@fr\/115885501578923848","error":""},"_links":{"self":[{"href":"https:\/\/www.europesays.com\/fr\/wp-json\/wp\/v2\/posts\/659720","targetHints":{"allow":["GET"]}}],"collection":[{"href":"https:\/\/www.europesays.com\/fr\/wp-json\/wp\/v2\/posts"}],"about":[{"href":"https:\/\/www.europesays.com\/fr\/wp-json\/wp\/v2\/types\/post"}],"author":[{"embeddable":true,"href":"https:\/\/www.europesays.com\/fr\/wp-json\/wp\/v2\/users\/2"}],"replies":[{"embeddable":true,"href":"https:\/\/www.europesays.com\/fr\/wp-json\/wp\/v2\/comments?post=659720"}],"version-history":[{"count":0,"href":"https:\/\/www.europesays.com\/fr\/wp-json\/wp\/v2\/posts\/659720\/revisions"}],"wp:featuredmedia":[{"embeddable":true,"href":"https:\/\/www.europesays.com\/fr\/wp-json\/wp\/v2\/media\/659721"}],"wp:attachment":[{"href":"https:\/\/www.europesays.com\/fr\/wp-json\/wp\/v2\/media?parent=659720"}],"wp:term":[{"taxonomy":"category","embeddable":true,"href":"https:\/\/www.europesays.com\/fr\/wp-json\/wp\/v2\/categories?post=659720"},{"taxonomy":"post_tag","embeddable":true,"href":"https:\/\/www.europesays.com\/fr\/wp-json\/wp\/v2\/tags?post=659720"}],"curies":[{"name":"wp","href":"https:\/\/api.w.org\/{rel}","templated":true}]}}