{"id":659722,"date":"2026-01-13T02:46:18","date_gmt":"2026-01-13T02:46:18","guid":{"rendered":"https:\/\/www.europesays.com\/fr\/659722\/"},"modified":"2026-01-13T02:46:18","modified_gmt":"2026-01-13T02:46:18","slug":"des-debordements-a-strasbourg-apres-lelimination-de-lalgerie-a-la-can-gare-a-cette-fake-news-qui-circule","status":"publish","type":"post","link":"https:\/\/www.europesays.com\/fr\/659722\/","title":{"rendered":"Des d\u00e9bordements \u00e0 Strasbourg apr\u00e8s l&rsquo;\u00e9limination de l&rsquo;Alg\u00e9rie \u00e0 la CAN ? Gare \u00e0 cette fake news qui circule"},"content":{"rendered":"<p>                    Par<br \/>\n        <strong><br \/>\n            <a href=\"https:\/\/actu.fr\/auteur\/thomas-blanc\" title=\"Consulter tous les articles de Thomas Blanc\" target=\"_blank\" rel=\"noopener\">Thomas Blanc<\/a><br \/>\n                    <\/strong><\/p>\n<p>        Publi\u00e9 le<\/p>\n<p>            12 janv. 2026 \u00e0 17h25        <\/p>\n<p>Depuis samedi soir, une <a href=\"https:\/\/actu.fr\/tag\/video\" target=\"_blank\" rel=\"noopener\">vid\u00e9o<\/a>, enregistr\u00e9e depuis des habitations proches du parc Schlumeister, montrant le quartier de la Meinau \u00e0 <a href=\"https:\/\/actu.fr\/strasbourg\/\" target=\"_blank\" rel=\"noopener\">Strasbourg<\/a>\u00a0sous <strong>de larges nuages de fum\u00e9e,<\/strong> circule sur les r\u00e9seaux sociaux. Les comptes qui relaient cette vid\u00e9o\u00a0annoncent qu\u2019il s\u2019agit de d\u00e9bordements <strong>suite \u00e0 la d\u00e9faite de l\u2019\u00e9quipe nationale d\u2019Alg\u00e9rie<\/strong> de football \u00e0 la Coupe d\u2019Afrique des nations (Can). Voici ce qu\u2019il en est.<\/p>\n<p>Des d\u00e9bordements \u00e0 la Meinau suite \u00e0 la d\u00e9faite de l\u2019Alg\u00e9rie ?\u00a0<\/p>\n<p class=\" wall-content\">Dans les faits, <strong>il n\u2019en serait rien<\/strong>. D\u2019apr\u00e8s les forces de <a href=\"https:\/\/actu.fr\/tag\/police\" target=\"_blank\" rel=\"noopener\">police<\/a> du <a href=\"https:\/\/actu.fr\/grand-est\/bas-rhin_67\" target=\"_blank\" rel=\"noopener\">Bas-Rhin<\/a>, jointes par nos soins, aucune intervention dans le quartier de la Meinau n\u2019a eu lieu ce week-end pour des faits de la sorte.<\/p>\n<p class=\" wall-content\">\n<p>R\u00e9utilisation de vid\u00e9os du Nouvel An \u00e0 Strasbourg<\/p>\n<p class=\" wall-content\">Les sapeurs-<a href=\"https:\/\/actu.fr\/tag\/pompiers\" target=\"_blank\" rel=\"noopener\">pompiers<\/a> ne rel\u00e8vent \u00e9galement aucun \u00e9v\u00e9nement <strong>qui permettrait d\u2019expliquer les volutes de fum\u00e9e<\/strong>\u00a0visibles sur la vid\u00e9o.<\/p>\n<p class=\" wall-content\">D\u2019apr\u00e8s les forces de l\u2019ordre, ce film r\u00e9utiliserait des images des <a href=\"https:\/\/actu.fr\/grand-est\/strasbourg_67482\/nouvel-an-a-strasbourg-une-centaine-de-voitures-brulees-plus-de-20-personnes-interpellees_63642239.html\" target=\"_blank\" rel=\"noopener\">voitures br\u00fbl\u00e9es la nuit du Nouvel An \u00e0 Strasbourg<\/a>. Rien \u00e0 voir donc avec <a href=\"https:\/\/actu.fr\/normandie\/caen_14118\/sm-caen-lalgerie-eliminee-de-la-can-anthony-mandrea-devrait-etre-apte-a-jouer-contre-concarneau_63682262.html\" target=\"_blank\" rel=\"noopener\">l\u2019\u00e9limination de l\u2019Alg\u00e9rie de la Can<\/a>.<\/p>\n<p class=\" wall-content\">Personnalisez votre actualit\u00e9 en ajoutant vos villes et m\u00e9dias en favori avec <a href=\"https:\/\/moncompte.actu.fr\" title=\"D\u00e9couvez Mon Actu\" rel=\"nofollow noopener\" data-trk=\"{&quot;cta&quot;:{&quot;action&quot;:&quot;https:\\\/\\\/moncompte.actu.fr&quot;,&quot;category&quot;:&quot;mon compte&quot;,&quot;from&quot;:&quot;article footer&quot;,&quot;name&quot;:&quot;Mon actu&quot;,&quot;type&quot;:&quot;cta&quot;}}\" target=\"_blank\">Mon Actu<\/a>.<\/p>\n","protected":false},"excerpt":{"rendered":"Par Thomas Blanc Publi\u00e9 le 12 janv. 2026 \u00e0 17h25 Depuis samedi soir, une vid\u00e9o, enregistr\u00e9e depuis des&hellip;\n","protected":false},"author":2,"featured_media":659723,"comment_status":"","ping_status":"","sticky":false,"template":"","format":"standard","meta":{"footnotes":""},"categories":[2820],"tags":[1111,11,1777,674,1011,27,775,12,1072,1311,25,104,640,133],"class_list":{"0":"post-659722","1":"post","2":"type-post","3":"status-publish","4":"format-standard","5":"has-post-thumbnail","7":"category-strasbourg","8":"tag-actu","9":"tag-actualites","10":"tag-eu","11":"tag-europe","12":"tag-fr","13":"tag-france","14":"tag-grand-est","15":"tag-news","16":"tag-police","17":"tag-pompiers","18":"tag-republique-francaise","19":"tag-societe","20":"tag-strasbourg","21":"tag-video"},"share_on_mastodon":{"url":"https:\/\/pubeurope.com\/@fr\/115885505619628088","error":""},"_links":{"self":[{"href":"https:\/\/www.europesays.com\/fr\/wp-json\/wp\/v2\/posts\/659722","targetHints":{"allow":["GET"]}}],"collection":[{"href":"https:\/\/www.europesays.com\/fr\/wp-json\/wp\/v2\/posts"}],"about":[{"href":"https:\/\/www.europesays.com\/fr\/wp-json\/wp\/v2\/types\/post"}],"author":[{"embeddable":true,"href":"https:\/\/www.europesays.com\/fr\/wp-json\/wp\/v2\/users\/2"}],"replies":[{"embeddable":true,"href":"https:\/\/www.europesays.com\/fr\/wp-json\/wp\/v2\/comments?post=659722"}],"version-history":[{"count":0,"href":"https:\/\/www.europesays.com\/fr\/wp-json\/wp\/v2\/posts\/659722\/revisions"}],"wp:featuredmedia":[{"embeddable":true,"href":"https:\/\/www.europesays.com\/fr\/wp-json\/wp\/v2\/media\/659723"}],"wp:attachment":[{"href":"https:\/\/www.europesays.com\/fr\/wp-json\/wp\/v2\/media?parent=659722"}],"wp:term":[{"taxonomy":"category","embeddable":true,"href":"https:\/\/www.europesays.com\/fr\/wp-json\/wp\/v2\/categories?post=659722"},{"taxonomy":"post_tag","embeddable":true,"href":"https:\/\/www.europesays.com\/fr\/wp-json\/wp\/v2\/tags?post=659722"}],"curies":[{"name":"wp","href":"https:\/\/api.w.org\/{rel}","templated":true}]}}