{"id":659734,"date":"2026-01-13T02:53:11","date_gmt":"2026-01-13T02:53:11","guid":{"rendered":"https:\/\/www.europesays.com\/fr\/659734\/"},"modified":"2026-01-13T02:53:11","modified_gmt":"2026-01-13T02:53:11","slug":"simon-harivel-nomme-a-la-direction-du-pole-pole-restauration-dinsitu-groupe","status":"publish","type":"post","link":"https:\/\/www.europesays.com\/fr\/659734\/","title":{"rendered":"Simon Harivel nomm\u00e9 \u00e0 la direction du pole p\u00f4le restauration d&rsquo;InSitu Groupe"},"content":{"rendered":"<p>Le groupe d\u2019origine toulousain InSitu annonce la nomination de Simon Harivel au poste de directeur d\u2019exploitation \u00ab\u00a0Insitu Work &amp; Food\u00a0\u00bb. Cette arriv\u00e9e marque une \u00e9tape cl\u00e9 dans la structuration et l\u2019acc\u00e9l\u00e9ration du p\u00f4le restauration et gastronomie d\u2019entreprise du groupe. Les marques <a href=\"https:\/\/www.touleco.fr\/Bocal-en-boucle-Les-ambitions-du-traiteur-occitan-zero-dechet,32502\" class=\"spip_in\" target=\"_blank\" rel=\"noopener\">Bocal en Boucle<\/a> et Mijot\u2019 \u2013 integr\u00e9s respectivement en 2022 et 2026 &#8211; sont appel\u00e9es \u00e0 dispara\u00eetre progressivement pour l\u2019appellation \u00ab\u00a0Insitu Work &amp; Food\u00a0\u00bb.<\/p>\n<p>Le groupe toulousain InSitu, sp\u00e9cialis\u00e9 dans l\u2019immobilier de bureaux, revendique quatre-vingt-trois collaborateurs et un chiffre d\u2019affaires de 37 millions d\u2019euros en 2025. Il projette de r\u00e9aliser 50 millions d\u2019euros de chiffre d\u2019affaires en 2027.<\/p>\n","protected":false},"excerpt":{"rendered":"Le groupe d\u2019origine toulousain InSitu annonce la nomination de Simon Harivel au poste de directeur d\u2019exploitation \u00ab\u00a0Insitu Work&hellip;\n","protected":false},"author":2,"featured_media":373637,"comment_status":"","ping_status":"","sticky":false,"template":"","format":"standard","meta":{"footnotes":""},"categories":[2816],"tags":[1111,11,5825,1777,674,1011,27,1661,32387,54708,12,2680,25,2312],"class_list":{"0":"post-659734","1":"post","2":"type-post","3":"status-publish","4":"format-standard","5":"has-post-thumbnail","7":"category-toulouse","8":"tag-actu","9":"tag-actualites","10":"tag-agroalimentaire","11":"tag-eu","12":"tag-europe","13":"tag-fr","14":"tag-france","15":"tag-gastronomie","16":"tag-immobilier-tertiaire","17":"tag-insitu","18":"tag-news","19":"tag-occitanie","20":"tag-republique-francaise","21":"tag-toulouse"},"share_on_mastodon":{"url":"https:\/\/pubeurope.com\/@fr\/115885532964745271","error":""},"_links":{"self":[{"href":"https:\/\/www.europesays.com\/fr\/wp-json\/wp\/v2\/posts\/659734","targetHints":{"allow":["GET"]}}],"collection":[{"href":"https:\/\/www.europesays.com\/fr\/wp-json\/wp\/v2\/posts"}],"about":[{"href":"https:\/\/www.europesays.com\/fr\/wp-json\/wp\/v2\/types\/post"}],"author":[{"embeddable":true,"href":"https:\/\/www.europesays.com\/fr\/wp-json\/wp\/v2\/users\/2"}],"replies":[{"embeddable":true,"href":"https:\/\/www.europesays.com\/fr\/wp-json\/wp\/v2\/comments?post=659734"}],"version-history":[{"count":0,"href":"https:\/\/www.europesays.com\/fr\/wp-json\/wp\/v2\/posts\/659734\/revisions"}],"wp:featuredmedia":[{"embeddable":true,"href":"https:\/\/www.europesays.com\/fr\/wp-json\/wp\/v2\/media\/373637"}],"wp:attachment":[{"href":"https:\/\/www.europesays.com\/fr\/wp-json\/wp\/v2\/media?parent=659734"}],"wp:term":[{"taxonomy":"category","embeddable":true,"href":"https:\/\/www.europesays.com\/fr\/wp-json\/wp\/v2\/categories?post=659734"},{"taxonomy":"post_tag","embeddable":true,"href":"https:\/\/www.europesays.com\/fr\/wp-json\/wp\/v2\/tags?post=659734"}],"curies":[{"name":"wp","href":"https:\/\/api.w.org\/{rel}","templated":true}]}}