{"id":659739,"date":"2026-01-13T02:57:11","date_gmt":"2026-01-13T02:57:11","guid":{"rendered":"https:\/\/www.europesays.com\/fr\/659739\/"},"modified":"2026-01-13T02:57:11","modified_gmt":"2026-01-13T02:57:11","slug":"ils-tentent-dechapper-a-la-police-et-perdent-le-controle-de-leurs-voitures","status":"publish","type":"post","link":"https:\/\/www.europesays.com\/fr\/659739\/","title":{"rendered":"ils tentent d\u2019\u00e9chapper \u00e0 la police et perdent le contr\u00f4le de leurs voitures"},"content":{"rendered":"<p>Pas un jour ne passe dans les Bouches-du-Rh\u00f4ne, sans qu\u2019une patrouille n\u2019essuie de <a href=\"https:\/\/www.laprovence.com\/article\/faits-divers-justice\/29529549190324\/deux-motards-de-la-police-municipale-blesses-apres-un-refus-d-obtemperer-et-une-course-poursuite-a-la-ciotat\" target=\"_blank\" rel=\"noopener\">refus d\u2019obtemp\u00e9rer<\/a>.<\/p>\n<p>Mais la nuit du dimanche au lundi 12\u00a0janvier 2026 fut une soir\u00e9e \u00e0 th\u00e8me dans les quartiers nord de Marseille avec <a href=\"https:\/\/www.laprovence.com\/article\/faits-divers-justice\/46418167537805\/la-course-poursuite-folle-entre-marseille-et-aix-en-provence-se-termine-devant-le-tribunal\" target=\"_blank\" rel=\"noopener\">deux \u00ab\u00a0chasses\u00a0\u00bb<\/a> simultan\u00e9es qui ont agit\u00e9 les ondes des services de police.<\/p>\n<p>Peu apr\u00e8s 1h du matin, c\u2019est d\u2019abord \u00e0 la cit\u00e9 du Mail, dans le 14e arrondissement qu\u2019une voiture approch\u00e9e par une patrouille de police a fait une embard\u00e9e au lieu d\u2019obtemp\u00e9rer. Pris en chasse, l\u2019automobiliste lanc\u00e9 \u00e0 tombeau ouvert a toutefois fini par perdre le contr\u00f4le de sa voiture. Poursuivant sa course \u00e0 pied, il a \u00e9t\u00e9 rattrap\u00e9 et interpell\u00e9. Cet homme \u00e2g\u00e9 de 20\u00a0ans qui roulait sans permis de conduire, \u00e9tait aussi en possession d\u2019un t\u00e9l\u00e9phone dont il disait tout ignorer\u2026<\/p>\n<p>Il manque de s\u2019empaler sur une grille<\/p>\n<p>Au m\u00eame moment, un peu plus au nord, dans le 15e arrondissement de Marseille, un \u00e9quipage de la Bac nord signalait un autre refus d\u2019obtemp\u00e9rer au niveau de la cit\u00e9 du Castellas. Pris en chasse \u00e0 son tour par les policiers en civil, le chauffard a lui aussi perdu de contr\u00f4le de sa voiture et tent\u00e9 sa chance \u00e0 pied. Poursuivi par les fonctionnaires, le fuyard a alors tent\u00e9 d\u2019escalader le grillage d\u2019enceinte d\u2019une \u00e9cole, manquant de peu de s\u2019empaler. D\u00e9croch\u00e9 par les policiers, le jeune homme au post\u00e9rieur meurtri a \u00e9t\u00e9 plac\u00e9 en garde \u00e0 vue. \u00c2g\u00e9 de 27\u00a0ans, il faisait l\u2019objet d\u2019une fiche de recherche.<\/p>\n<p>Quelques heures plus tard,<a href=\"https:\/\/www.laprovence.com\/article\/faits-divers-justice\/29529549190324\/deux-motards-de-la-police-municipale-blesses-apres-un-refus-d-obtemperer-et-une-course-poursuite-a-la-ciotat\" target=\"_blank\" rel=\"noopener\"> c\u2019est cette fois \u00e0 la Ciotat <\/a>que deux motards de la police municipale puis un fonctionnaire de la police nationale ont \u00e9t\u00e9 bless\u00e9s en fin de matin\u00e9e, en poursuivant un autre chauffard qui avait d\u00e9j\u00e0 forc\u00e9 un contr\u00f4le de gendarmerie sur la route des Cr\u00eates.<\/p>\n","protected":false},"excerpt":{"rendered":"Pas un jour ne passe dans les Bouches-du-Rh\u00f4ne, sans qu\u2019une patrouille n\u2019essuie de refus d\u2019obtemp\u00e9rer. Mais la nuit&hellip;\n","protected":false},"author":2,"featured_media":659740,"comment_status":"","ping_status":"","sticky":false,"template":"","format":"standard","meta":{"footnotes":""},"categories":[2814],"tags":[5734,1111,11,1102,43607,76152,1777,674,274,1011,27,6085,884,12,1072,882,14728,25,19730],"class_list":{"0":"post-659739","1":"post","2":"type-post","3":"status-publish","4":"format-standard","5":"has-post-thumbnail","7":"category-marseille","8":"tag-5734","9":"tag-actu","10":"tag-actualites","11":"tag-breakingnews","12":"tag-dobtemperer","13":"tag-dechapper","14":"tag-eu","15":"tag-europe","16":"tag-faits-divers-justice","17":"tag-fr","18":"tag-france","19":"tag-ils","20":"tag-marseille","21":"tag-news","22":"tag-police","23":"tag-provence-alpes-cote-dazur","24":"tag-refus","25":"tag-republique-francaise","26":"tag-tentent"},"share_on_mastodon":{"url":"https:\/\/pubeurope.com\/@fr\/115885548825437191","error":""},"_links":{"self":[{"href":"https:\/\/www.europesays.com\/fr\/wp-json\/wp\/v2\/posts\/659739","targetHints":{"allow":["GET"]}}],"collection":[{"href":"https:\/\/www.europesays.com\/fr\/wp-json\/wp\/v2\/posts"}],"about":[{"href":"https:\/\/www.europesays.com\/fr\/wp-json\/wp\/v2\/types\/post"}],"author":[{"embeddable":true,"href":"https:\/\/www.europesays.com\/fr\/wp-json\/wp\/v2\/users\/2"}],"replies":[{"embeddable":true,"href":"https:\/\/www.europesays.com\/fr\/wp-json\/wp\/v2\/comments?post=659739"}],"version-history":[{"count":0,"href":"https:\/\/www.europesays.com\/fr\/wp-json\/wp\/v2\/posts\/659739\/revisions"}],"wp:featuredmedia":[{"embeddable":true,"href":"https:\/\/www.europesays.com\/fr\/wp-json\/wp\/v2\/media\/659740"}],"wp:attachment":[{"href":"https:\/\/www.europesays.com\/fr\/wp-json\/wp\/v2\/media?parent=659739"}],"wp:term":[{"taxonomy":"category","embeddable":true,"href":"https:\/\/www.europesays.com\/fr\/wp-json\/wp\/v2\/categories?post=659739"},{"taxonomy":"post_tag","embeddable":true,"href":"https:\/\/www.europesays.com\/fr\/wp-json\/wp\/v2\/tags?post=659739"}],"curies":[{"name":"wp","href":"https:\/\/api.w.org\/{rel}","templated":true}]}}