{"id":659743,"date":"2026-01-13T02:59:14","date_gmt":"2026-01-13T02:59:14","guid":{"rendered":"https:\/\/www.europesays.com\/fr\/659743\/"},"modified":"2026-01-13T02:59:14","modified_gmt":"2026-01-13T02:59:14","slug":"la-ville-de-lyon-obtient-le-velo-score-b","status":"publish","type":"post","link":"https:\/\/www.europesays.com\/fr\/659743\/","title":{"rendered":"La Ville de Lyon obtient le v\u00e9lo-score B"},"content":{"rendered":"<p>                            <img loading=\"lazy\" width=\"491\" height=\"307\" class=\"attachment-article size-article wp-post-image lazyload\" alt=\"\" decoding=\"async\" src=\"https:\/\/www.europesays.com\/fr\/wp-content\/uploads\/2026\/01\/csm_nature_grandparcmiribeljonage_familleavelo_ldaniere_860_333154041d-e1719924597678.jpg\" data-eio-rwidth=\"491\" data-eio-rheight=\"307\"\/><\/p>\n<p>Le Grand Parc de Miribel-Jonage <\/p>\n<p class=\"content\" style=\"font-size:1.2em;font-weight:700\">Lundi 12 janvier, la Ville \u00e0 v\u00e9lo a d\u00e9voil\u00e9 les r\u00e9sultats de son v\u00e9lo-score. Lyon s&rsquo;impose en \u00e9tant la seule ville de la M\u00e9tropole \u00e0 obtenir le v\u00e9lo-score B. <\/p>\n<p>En termes de v\u00e9los, la Ville de Lyon est exemplaire. C&rsquo;est en tout cas ce que d\u00e9montre les r\u00e9sultats du v\u00e9lo-score de l&rsquo;association \u00ab\u00a0la Ville \u00e0 v\u00e9lo\u00a0\u00bb, d\u00e9voil\u00e9s ce lundi 12 janvier.<\/p>\n<p>Pr\u00e9sent\u00e9 de la m\u00eame mani\u00e8re qu&rsquo;un nutri-score, le v\u00e9lo-score vise \u00e0 dresser un bilan du mandat actuel, en termes de v\u00e9lo. Pour cela, l&rsquo;association se base sur plusieurs donn\u00e9es, dont la s\u00e9curit\u00e9, les infrastructures cyclables, le stationnement v\u00e9lo et le ressenti des usagers sur la M\u00e9tropole de Lyon. <\/p>\n<p>Lyon s&rsquo;illustre ainsi en tant que seule  ville de la M\u00e9tropole \u00e0 obtenir le v\u00e9lo-score B. Les villes de Villeurbanne, Chassieu et Couzon d\u00e9crochent quant \u00e0 elles le v\u00e9lo-score C \u00ab\u00a0en progr\u00e8s\u00a0\u00bb et figurent parmi les bonnes \u00e9l\u00e8ves. Au sein de la Ville de Lyon, le 7e arrondissement prend la t\u00eate, suivi du 6e et du 3e, tous trois d\u00e9tenteurs du v\u00e9lo-score B : \u00ab\u00a0Tr\u00e8s bien\u00a0\u00bb. <\/p>\n<p>Une partie de la M\u00e9tropole \u00e0 la tra\u00eene<\/p>\n<p>Le reste des communes de la M\u00e9tropole semblent quant \u00e0 elles en retard en obtenant le score D. Le v\u00e9lo-score E a \u00e9t\u00e9 attribu\u00e9 \u00e0 plusieurs communes des extr\u00e9mit\u00e9s de la M\u00e9tropole, telles que Saint-Priest, Jonage, ou encore Limonest. <\/p>\n<p>Face \u00e0 ses r\u00e9sultats, la Ville \u00e0 V\u00e9lo dit \u00ab\u00a0regretter l\u2019opposition syst\u00e9matique de certaines communes aux am\u00e9nagements cyclables propos\u00e9s par la M\u00e9tropole, au d\u00e9triment des cyclistes.\u00a0\u00bb L&rsquo;association cite par exemple les communes de Caluire-et-Cuire, ou d&rsquo;Oullins Pierre-B\u00e9nite, toutes deux dirig\u00e9es par des maires LR (Les R\u00e9publicains). <\/p>\n<p><strong>Lire aussi : <\/strong><a href=\"http:\/\/La Ville \u00e0 V\u00e9lo appelle les candidats aux Municipales et M\u00e9tropolitaines \u00e0 poursuivre les Voies Lyonnaises\">La Ville \u00e0 V\u00e9lo appelle les candidats aux Municipales et M\u00e9tropolitaines \u00e0 poursuivre les Voies Lyonnaises<\/a><\/p>\n","protected":false},"excerpt":{"rendered":"Le Grand Parc de Miribel-Jonage Lundi 12 janvier, la Ville \u00e0 v\u00e9lo a d\u00e9voil\u00e9 les r\u00e9sultats de son&hellip;\n","protected":false},"author":2,"featured_media":659744,"comment_status":"","ping_status":"","sticky":false,"template":"","format":"standard","meta":{"footnotes":""},"categories":[1889],"tags":[1111,11,2430,1777,674,1011,27,2428,12,25],"class_list":{"0":"post-659743","1":"post","2":"type-post","3":"status-publish","4":"format-standard","5":"has-post-thumbnail","7":"category-lyon","8":"tag-actu","9":"tag-actualites","10":"tag-auvergne-rhone-alpes","11":"tag-eu","12":"tag-europe","13":"tag-fr","14":"tag-france","15":"tag-lyon","16":"tag-news","17":"tag-republique-francaise"},"share_on_mastodon":{"url":"https:\/\/pubeurope.com\/@fr\/115885556632650880","error":""},"_links":{"self":[{"href":"https:\/\/www.europesays.com\/fr\/wp-json\/wp\/v2\/posts\/659743","targetHints":{"allow":["GET"]}}],"collection":[{"href":"https:\/\/www.europesays.com\/fr\/wp-json\/wp\/v2\/posts"}],"about":[{"href":"https:\/\/www.europesays.com\/fr\/wp-json\/wp\/v2\/types\/post"}],"author":[{"embeddable":true,"href":"https:\/\/www.europesays.com\/fr\/wp-json\/wp\/v2\/users\/2"}],"replies":[{"embeddable":true,"href":"https:\/\/www.europesays.com\/fr\/wp-json\/wp\/v2\/comments?post=659743"}],"version-history":[{"count":0,"href":"https:\/\/www.europesays.com\/fr\/wp-json\/wp\/v2\/posts\/659743\/revisions"}],"wp:featuredmedia":[{"embeddable":true,"href":"https:\/\/www.europesays.com\/fr\/wp-json\/wp\/v2\/media\/659744"}],"wp:attachment":[{"href":"https:\/\/www.europesays.com\/fr\/wp-json\/wp\/v2\/media?parent=659743"}],"wp:term":[{"taxonomy":"category","embeddable":true,"href":"https:\/\/www.europesays.com\/fr\/wp-json\/wp\/v2\/categories?post=659743"},{"taxonomy":"post_tag","embeddable":true,"href":"https:\/\/www.europesays.com\/fr\/wp-json\/wp\/v2\/tags?post=659743"}],"curies":[{"name":"wp","href":"https:\/\/api.w.org\/{rel}","templated":true}]}}