{"id":659745,"date":"2026-01-13T03:00:11","date_gmt":"2026-01-13T03:00:11","guid":{"rendered":"https:\/\/www.europesays.com\/fr\/659745\/"},"modified":"2026-01-13T03:00:11","modified_gmt":"2026-01-13T03:00:11","slug":"odoo-cree-une-filiale-francaise-et-simplante-a-lyon","status":"publish","type":"post","link":"https:\/\/www.europesays.com\/fr\/659745\/","title":{"rendered":"Odoo cr\u00e9\u00e9 une filiale fran\u00e7aise et s\u2019implante \u00e0 Lyon"},"content":{"rendered":"<p>L\u2019\u00e9diteur belge de solutions ERP open source annonce la cr\u00e9ation de la filiale Odoo France, avec l\u2019ouverture d\u2019un bureau \u00e0 Lyon pr\u00e9vue au deuxi\u00e8me trimestre 2026. Jusqu\u2019ici pr\u00e9sent sur le march\u00e9 hexagonal sans structure juridique locale, l\u2019\u00e9diteur franchit une nouvelle \u00e9tape pour accompagner la croissance de ses activit\u00e9s en France, devenue son deuxi\u00e8me march\u00e9 mondial apr\u00e8s les \u00c9tats-Unis.<\/p>\n<p>Cette implantation doit permettre \u00e0 Odoo de renforcer sa proximit\u00e9 avec ses clients et son \u00e9cosyst\u00e8me de partenaires, tout en tenant compte des sp\u00e9cificit\u00e9s r\u00e9glementaires locales. Le contexte de la facturation \u00e9lectronique obligatoire \u00e0 partir de 2026 constitue notamment un levier important de cette implantation, l\u2019\u00e9diteur souhaitant \u00eatre en capacit\u00e9 d\u2019accompagner ses clients sur ces enjeux structurants.<\/p>\n<p>Le bureau lyonnais sera plac\u00e9 sous la direction de Jos\u00e9phine Vander Linden (photo), jusqu\u2019ici Business Unit Manager chez Odoo en Belgique. Sa mission consistera \u00e0 structurer l\u2019\u00e9quipe locale et \u00e0 piloter le d\u00e9veloppement commercial sur le march\u00e9 fran\u00e7ais, en lien \u00e9troit avec le r\u00e9seau de partenaires.<\/p>\n<p>Du c\u00f4t\u00e9 des partenaires, l\u2019annonce est per\u00e7ue comme un acc\u00e9l\u00e9rateur significatif pour l\u2019\u00e9cosyst\u00e8me ERP en France. \u00ab\u00a0L\u2019arriv\u00e9e d\u2019Odoo France va permettre de densifier l\u2019\u00e9cosyst\u00e8me local, d\u2019acc\u00e9l\u00e9rer l\u2019innovation sur les sp\u00e9cificit\u00e9s fran\u00e7aises (comme la facturation \u00e9lectronique), et de cr\u00e9er encore plus de synergies entre l\u2019\u00e9diteur, les partenaires int\u00e9grateurs et les clients finaux\u00a0\u00bb, a r\u00e9agi notamment l\u2019ESN sp\u00e9cialis\u00e9e open source Smile, partenaire de longue date de l\u2019\u00e9diteur.<\/p>\n<p>Au niveau du groupe, Odoo a boucl\u00e9 un solide exercice 2025 avec 650 millions d\u2019euros de facturation et une croissance de plus de 40% de son revenu annuel r\u00e9current. Employant 7.000 personnes, l\u2019entreprise pr\u00e9voit de poursuivre son recrutement pour viser les 10.000 talents en 2026.<\/p>\n","protected":false},"excerpt":{"rendered":"L\u2019\u00e9diteur belge de solutions ERP open source annonce la cr\u00e9ation de la filiale Odoo France, avec l\u2019ouverture d\u2019un&hellip;\n","protected":false},"author":2,"featured_media":659746,"comment_status":"","ping_status":"","sticky":false,"template":"","format":"standard","meta":{"footnotes":""},"categories":[1889],"tags":[1111,11,2430,76153,1777,674,1011,27,2428,12,25],"class_list":{"0":"post-659745","1":"post","2":"type-post","3":"status-publish","4":"format-standard","5":"has-post-thumbnail","7":"category-lyon","8":"tag-actu","9":"tag-actualites","10":"tag-auvergne-rhone-alpes","11":"tag-editeur-erp","12":"tag-eu","13":"tag-europe","14":"tag-fr","15":"tag-france","16":"tag-lyon","17":"tag-news","18":"tag-republique-francaise"},"share_on_mastodon":{"url":"https:\/\/pubeurope.com\/@fr\/115885560478651646","error":""},"_links":{"self":[{"href":"https:\/\/www.europesays.com\/fr\/wp-json\/wp\/v2\/posts\/659745","targetHints":{"allow":["GET"]}}],"collection":[{"href":"https:\/\/www.europesays.com\/fr\/wp-json\/wp\/v2\/posts"}],"about":[{"href":"https:\/\/www.europesays.com\/fr\/wp-json\/wp\/v2\/types\/post"}],"author":[{"embeddable":true,"href":"https:\/\/www.europesays.com\/fr\/wp-json\/wp\/v2\/users\/2"}],"replies":[{"embeddable":true,"href":"https:\/\/www.europesays.com\/fr\/wp-json\/wp\/v2\/comments?post=659745"}],"version-history":[{"count":0,"href":"https:\/\/www.europesays.com\/fr\/wp-json\/wp\/v2\/posts\/659745\/revisions"}],"wp:featuredmedia":[{"embeddable":true,"href":"https:\/\/www.europesays.com\/fr\/wp-json\/wp\/v2\/media\/659746"}],"wp:attachment":[{"href":"https:\/\/www.europesays.com\/fr\/wp-json\/wp\/v2\/media?parent=659745"}],"wp:term":[{"taxonomy":"category","embeddable":true,"href":"https:\/\/www.europesays.com\/fr\/wp-json\/wp\/v2\/categories?post=659745"},{"taxonomy":"post_tag","embeddable":true,"href":"https:\/\/www.europesays.com\/fr\/wp-json\/wp\/v2\/tags?post=659745"}],"curies":[{"name":"wp","href":"https:\/\/api.w.org\/{rel}","templated":true}]}}