{"id":659756,"date":"2026-01-13T03:07:12","date_gmt":"2026-01-13T03:07:12","guid":{"rendered":"https:\/\/www.europesays.com\/fr\/659756\/"},"modified":"2026-01-13T03:07:12","modified_gmt":"2026-01-13T03:07:12","slug":"mer-noire-kiev-accuse-la-russie-davoir-frappe-deux-navires-marchands-et-tue-un-marin","status":"publish","type":"post","link":"https:\/\/www.europesays.com\/fr\/659756\/","title":{"rendered":"Mer Noire\u00a0: Kiev accuse la Russie d\u2019avoir frapp\u00e9 deux navires marchands et tu\u00e9 un marin"},"content":{"rendered":"<p>\n      Un marin syrien a \u00e9t\u00e9 tu\u00e9 dans une frappe russe, selon un responsable ukrainien.\n    <\/p>\n<p>Deux navires marchands ont \u00e9t\u00e9 la cible de frappes russes, en mer Noire, d\u2019apr\u00e8s des responsables ukrainiens. Un marin syrien a \u00e9t\u00e9 tu\u00e9 et un autre bless\u00e9.<\/p>\n<p>Le vice-Premier ministre Oleksii Kouleba a relat\u00e9, photos \u00e0 l\u2019appui, qu\u2019un navire faisant route vers le port de Chornomorsk avait \u00e9t\u00e9 frapp\u00e9 par un \u00ab\u00a0drone d\u2019attaque russe\u00a0\u00bb. Le Wael K, cargo battant pavillon de St Kitts et Nevis, appartenant \u00e0 une soci\u00e9t\u00e9 turque, de 114 m\u00e8tres de long et 8059 tonnes de port en lourd, naviguait dans le corridor maritime mis en place et devait charger des c\u00e9r\u00e9ales, selon le responsable ukrainien.<\/p>\n<p>Le deuxi\u00e8me navire frapp\u00e9, le Ladonna, est un vraquier battant pavillon des Comores et appartenant \u00e0 des int\u00e9r\u00eats chinois, mesurant 157 m\u00e8tres de longueur, pour 22.056 tonnes de port en lourd. Il transportait du soja, lorsqu\u2019il a \u00e9t\u00e9 touch\u00e9, \u00e0 proximit\u00e9 du port d\u2019Odessa. Selon Oleksii Kouleba, un membre d\u2019\u00e9quipage, un citoyen syrien, a \u00e9t\u00e9 tu\u00e9. Un autre a \u00e9t\u00e9 bless\u00e9.<\/p>\n<p>\u00a0<\/p>\n<p>\u00a0<\/p>\n<p>Ces attaques russes font suite \u00e0 une s\u00e9rie d&rsquo;op\u00e9rations ukrainiennes. Lanc\u00e9es en novembre, elles ont cibl\u00e9 plusieurs p\u00e9troliers transportant du brut pour la Russie en mer Noire, mais aussi jusqu\u2019en M\u00e9diterran\u00e9e.<\/p>\n<p><strong>\u00a9 Un article de la r\u00e9daction de Mer et Marine.\u00a0Reproduction interdite sans consentement du ou des auteurs. \u00a0<\/strong>\u00a0\u00a0<\/p>\n<p>\u00a0<\/p>\n","protected":false},"excerpt":{"rendered":"Un marin syrien a \u00e9t\u00e9 tu\u00e9 dans une frappe russe, selon un responsable ukrainien. Deux navires marchands ont&hellip;\n","protected":false},"author":2,"featured_media":659757,"comment_status":"","ping_status":"","sticky":false,"template":"","format":"standard","meta":{"footnotes":""},"categories":[1591],"tags":[11,6130,6141,6131,6138,2380,6135,554,6136,1887,6139,6134,3135,6128,567,6129,6127,12,6132,4838,6133,1885,1886,132,6140,6137],"class_list":{"0":"post-659756","1":"post","2":"type-post","3":"status-publish","4":"format-standard","5":"has-post-thumbnail","7":"category-russie","8":"tag-actualites","9":"tag-chantiers","10":"tag-commando","11":"tag-construction-navale","12":"tag-costa","13":"tag-croisiere","14":"tag-dcns","15":"tag-defense","16":"tag-euronaval","17":"tag-federation-de-russie","18":"tag-fremm","19":"tag-interviews","20":"tag-littoral","21":"tag-marine","22":"tag-marine-nationale","23":"tag-maritime","24":"tag-mer","25":"tag-news","26":"tag-offshore","27":"tag-peche","28":"tag-reportages","29":"tag-russia","30":"tag-russian-federation","31":"tag-russie","32":"tag-sncm","33":"tag-stx"},"share_on_mastodon":{"url":"https:\/\/pubeurope.com\/@fr\/115885588033801748","error":""},"_links":{"self":[{"href":"https:\/\/www.europesays.com\/fr\/wp-json\/wp\/v2\/posts\/659756","targetHints":{"allow":["GET"]}}],"collection":[{"href":"https:\/\/www.europesays.com\/fr\/wp-json\/wp\/v2\/posts"}],"about":[{"href":"https:\/\/www.europesays.com\/fr\/wp-json\/wp\/v2\/types\/post"}],"author":[{"embeddable":true,"href":"https:\/\/www.europesays.com\/fr\/wp-json\/wp\/v2\/users\/2"}],"replies":[{"embeddable":true,"href":"https:\/\/www.europesays.com\/fr\/wp-json\/wp\/v2\/comments?post=659756"}],"version-history":[{"count":0,"href":"https:\/\/www.europesays.com\/fr\/wp-json\/wp\/v2\/posts\/659756\/revisions"}],"wp:featuredmedia":[{"embeddable":true,"href":"https:\/\/www.europesays.com\/fr\/wp-json\/wp\/v2\/media\/659757"}],"wp:attachment":[{"href":"https:\/\/www.europesays.com\/fr\/wp-json\/wp\/v2\/media?parent=659756"}],"wp:term":[{"taxonomy":"category","embeddable":true,"href":"https:\/\/www.europesays.com\/fr\/wp-json\/wp\/v2\/categories?post=659756"},{"taxonomy":"post_tag","embeddable":true,"href":"https:\/\/www.europesays.com\/fr\/wp-json\/wp\/v2\/tags?post=659756"}],"curies":[{"name":"wp","href":"https:\/\/api.w.org\/{rel}","templated":true}]}}