{"id":659760,"date":"2026-01-13T03:09:13","date_gmt":"2026-01-13T03:09:13","guid":{"rendered":"https:\/\/www.europesays.com\/fr\/659760\/"},"modified":"2026-01-13T03:09:13","modified_gmt":"2026-01-13T03:09:13","slug":"crise-usa-venezuela-trump-recevra-lopposante-machado-liberation-de-detenus-politiques-actualites","status":"publish","type":"post","link":"https:\/\/www.europesays.com\/fr\/659760\/","title":{"rendered":"Crise USA-Venezuela: Trump recevra l&rsquo;opposante Machado, lib\u00e9ration de d\u00e9tenus politiques : Actualit\u00e9s"},"content":{"rendered":"<p class=\"lead \">Le pr\u00e9sident am\u00e9ricain Donald Trump va recevoir jeudi la cheffe de l&rsquo;opposition v\u00e9n\u00e9zu\u00e9lienne et prix Nobel de la paix Maria Corina Machado, au moment o\u00f9 les lib\u00e9rations de d\u00e9tenus politiques au Venezuela se poursuivent au compte-gouttes.<\/p>\n<p class=\"lead \">Le pr\u00e9sident am\u00e9ricain a laiss\u00e9 entendre qu&rsquo;elle pourrait lui remettre sa distinction, alors qu&rsquo;il l&rsquo;a \u00e9cart\u00e9e pour le moment des responsabilit\u00e9s au Venezuela, pr\u00e9f\u00e9rant traiter avec la pr\u00e9sidente par int\u00e9rim Delcy Rodriguez, l&rsquo;ancienne vice-pr\u00e9sidente de Nicolas Maduro captur\u00e9 le 3 janvier.<\/p>\n<p class=\"lead \">Dimanche, il s&rsquo;est m\u00eame dit ouvert \u00e0 une entrevue avec Mme Rodriguez, estimant que son administration travaillait \u00ab\u00a0vraiment bien\u00a0\u00bb avec Caracas. A la question de savoir s&rsquo;il pr\u00e9voyait de la rencontrer, Donald Trump a r\u00e9pondu aux journalistes: \u00ab\u00a0A un moment donn\u00e9, je le ferai\u00a0\u00bb.<\/p>\n<p class=\"lead \">La porte-parole de la Maison Blanche, Karoline Leavitt, a une nouvelle fois d\u00e9fendu ce choix lundi: \u00ab\u00a0Le pr\u00e9sident et son \u00e9quipe de s\u00e9curit\u00e9 nationale ont fait une \u00e9valuation r\u00e9aliste de ce qui se passait sur le terrain au Venezuela et leur d\u00e9cision s&rsquo;est av\u00e9r\u00e9e \u00eatre la bonne\u00a0\u00bb, a-t-elle affirm\u00e9 dans une interview \u00e0 la cha\u00eene Fox News.<\/p>\n<p class=\"lead \">Mme Machado a de son c\u00f4t\u00e9 \u00e9t\u00e9 re\u00e7ue en audience par le pape lundi. Dans un communiqu\u00e9 sur les r\u00e9seaux sociaux, elle a estim\u00e9, insistant \u00e0 nouveau sur le r\u00f4le am\u00e9ricain, qu&rsquo;avec \u00ab\u00a0l&rsquo;accompagnement de l&rsquo;Eglise et la pression sans pr\u00e9c\u00e9dent du gouvernement des Etats-Unis, la d\u00e9faite du mal dans le pays se rapproche\u00a0\u00bb. <\/p>\n<p class=\"lead \">Elle a aussi \u00ab\u00a0demand\u00e9 (au pape) d&rsquo;interc\u00e9der pour tous les V\u00e9n\u00e9zu\u00e9liens qui ont \u00e9t\u00e9 enlev\u00e9s ou demeurent disparus\u00a0\u00bb.<\/p>\n<p class=\"lead \">Le gouvernement v\u00e9n\u00e9zu\u00e9lien a annonc\u00e9 116 nouvelles lib\u00e9rations lundi. Mais les familles s&rsquo;impatientent devant la lenteur du processus, entam\u00e9 le 8 janvier avec une promesse de remises en libert\u00e9 faite par les autorit\u00e9s sous la pression am\u00e9ricaine.<\/p>\n<p class=\"lead \">&#8211; Nominations &#8211;<\/p>\n<p class=\"lead \">Mme Rodriguez n\u00e9gocie sur plusieurs fronts avec Washington, qui souhaite profiter des immenses r\u00e9serves de p\u00e9trole v\u00e9n\u00e9zu\u00e9liennes. <\/p>\n<p class=\"lead \">Son gouvernement a d\u00e9cid\u00e9 d&rsquo;entamer \u00ab\u00a0un processus exploratoire\u00a0\u00bb en vue de r\u00e9tablir les relations diplomatiques avec les Etats-Unis, rompues depuis 2019, tout en r\u00e9p\u00e9tant qu&rsquo;il n&rsquo;est pas \u00ab\u00a0soumis\u00a0\u00bb \u00e0 Washington. Donald Trump affirme lui que Washington est \u00ab\u00a0aux commandes\u00a0\u00bb.<\/p>\n<p class=\"lead \">Son gouvernement s&rsquo;est par ailleurs dit pr\u00eat \u00e0 entamer un \u00ab\u00a0nouvel agenda\u00a0\u00bb avec l&rsquo;Union europ\u00e9enne \u00e0 l&rsquo;issue d&rsquo;une r\u00e9union \u00ab\u00a0franche\u00a0\u00bb avec des diplomates de l&rsquo;UE lundi, apr\u00e8s des ann\u00e9es de tension et de sanctions.<\/p>\n<p class=\"lead \">Mme Rodriguez a aussi proc\u00e9d\u00e9 \u00e0 deux nouvelles nominations -deux militaires- dans les cercles du pouvoir. <\/p>\n<p class=\"lead \">Le capitaine Juan Escalona, ancien membre de la s\u00e9curit\u00e9 de Maduro, a notamment \u00e9t\u00e9 nomm\u00e9 ministre du Secr\u00e9tariat de la Pr\u00e9sidence. Il faisait partie du premier cercle de s\u00e9curit\u00e9 de Maduro, qui a \u00e9t\u00e9 captur\u00e9 avec son \u00e9pouse, Cilia Flores, au terme d&rsquo;une op\u00e9ration qui a vu quelque 55 militaires, dont 32 Cubains, tu\u00e9s sur un total d&rsquo;au moins 100 morts.<\/p>\n<p class=\"lead \">&#8211; Cinquantaine de lib\u00e9rations &#8211;<\/p>\n<p class=\"lead \"> Les lib\u00e9rations de prisonniers politiques \u00ab\u00a0s&rsquo;inscrivent dans le cadre de la r\u00e9vision int\u00e9grale des dossiers, initi\u00e9e volontairement par le pr\u00e9sident constitutionnel Nicolas Maduro Moros. Ce processus s&rsquo;est poursuivi sous la direction de la pr\u00e9sidente par int\u00e9rim Delcy Rodriguez, dans le cadre d&rsquo;une politique ax\u00e9e sur la justice, le dialogue et la pr\u00e9servation de la paix\u00a0\u00bb, explique le minist\u00e8re<\/p>\n<p class=\"lead \">Malgr\u00e9 ces affirmations, les lib\u00e9rations semblent faire partie des concessions accord\u00e9es \u00e0 Donald Trump. <\/p>\n<p class=\"lead \">Les ONG recensent une cinquantaine de nouvelles lib\u00e9rations depuis jeudi, dont deux Italiens. La Premi\u00e8re ministre italienne Giorgia Meloni a salu\u00e9 sur X \u00ab\u00a0la collaboration constructive\u00a0\u00bb des autorit\u00e9s v\u00e9n\u00e9zu\u00e9liennes.<\/p>\n<p class=\"lead \">Sur un total estim\u00e9 de 800 personnes d\u00e9tenues pour des motifs politiques, seules environ 50 semblent \u00eatre sorties de prison \u00e0 ce jour, selon la Mission d&rsquo;\u00e9tablissement des faits des Nations Unies sur le Venezuela dans un communiqu\u00e9, r\u00e9clamant la lib\u00e9ration de tous les prisonniers. <\/p>\n<p class=\"lead \">&#8211; \u00ab\u00a0Quatre jours \u00e0 souffrir\u00a0\u00bb &#8211;<\/p>\n<p class=\"lead \">Des proches de d\u00e9tenus ont install\u00e9 lundi un campement devant la prison de Rodeo 1, \u00e0 une trentaine de kilom\u00e8tres de Caracas. La police a menac\u00e9 de d\u00e9manteler toute installation.  <\/p>\n<p class=\"lead \">Une quinzaine de tentes s&rsquo;\u00e9tendent sur deux rang\u00e9es derri\u00e8re une banderole \u00ab\u00a0Lib\u00e9rez tous les prisonniers politiques\u00a0\u00bb. L\u2019ONG Comit\u00e9 pour la Libert\u00e9 des Prisonniers Politiques a fourni des tentes et 25 matelas. <\/p>\n<p class=\"lead \">Des habitants du quartier apportent r\u00e9guli\u00e8rement des d\u00e9jeuners, des jus et du caf\u00e9. L\u2019un des vendeurs de nourriture permet aux familles d\u2019utiliser l&rsquo;\u00e9lectricit\u00e9.<\/p>\n<p class=\"lead \">Le p\u00e8re de Jose Daniel, Manuel Mendoza, venu de l&rsquo;Etat de Yaracuy, \u00e0 6 heures de route, s&rsquo;impatiente: \u00ab\u00a0S\u2019ils (le pouvoir) ont fait le pas de proposer la lib\u00e9ration de tous les prisonniers politiques, nous demandons seulement qu\u2019ils tiennent parole. Cela fait d\u00e9j\u00e0 quatre jours que nous attendons \u00e0 la belle \u00e9toile\u00a0\u00bb.<\/p>\n<p class=\"small font-weight-bold text-gray3 \"> publi\u00e9 le 13 janvier \u00e0 00h28, AFP<\/p>\n<p>                             Partager<\/p>\n","protected":false},"excerpt":{"rendered":"Le pr\u00e9sident am\u00e9ricain Donald Trump va recevoir jeudi la cheffe de l&rsquo;opposition v\u00e9n\u00e9zu\u00e9lienne et prix Nobel de la&hellip;\n","protected":false},"author":2,"featured_media":659761,"comment_status":"","ping_status":"","sticky":false,"template":"","format":"standard","meta":{"footnotes":""},"categories":[1589],"tags":[14427,11,2120,312,19279,73,1866,303,12,807,1864,1865,1863,308,337],"class_list":{"0":"post-659760","1":"post","2":"type-post","3":"status-publish","4":"format-standard","5":"has-post-thumbnail","7":"category-etats-unis","8":"tag-nergie","9":"tag-actualites","10":"tag-conflit","11":"tag-diplomatie","12":"tag-droitshumains","13":"tag-etats-unis","14":"tag-etats-unis-damerique","15":"tag-justice","16":"tag-news","17":"tag-prisonniers","18":"tag-united-states","19":"tag-united-states-of-america","20":"tag-us","21":"tag-usa","22":"tag-venezuela"},"share_on_mastodon":{"url":"https:\/\/pubeurope.com\/@fr\/115885595890345894","error":""},"_links":{"self":[{"href":"https:\/\/www.europesays.com\/fr\/wp-json\/wp\/v2\/posts\/659760","targetHints":{"allow":["GET"]}}],"collection":[{"href":"https:\/\/www.europesays.com\/fr\/wp-json\/wp\/v2\/posts"}],"about":[{"href":"https:\/\/www.europesays.com\/fr\/wp-json\/wp\/v2\/types\/post"}],"author":[{"embeddable":true,"href":"https:\/\/www.europesays.com\/fr\/wp-json\/wp\/v2\/users\/2"}],"replies":[{"embeddable":true,"href":"https:\/\/www.europesays.com\/fr\/wp-json\/wp\/v2\/comments?post=659760"}],"version-history":[{"count":0,"href":"https:\/\/www.europesays.com\/fr\/wp-json\/wp\/v2\/posts\/659760\/revisions"}],"wp:featuredmedia":[{"embeddable":true,"href":"https:\/\/www.europesays.com\/fr\/wp-json\/wp\/v2\/media\/659761"}],"wp:attachment":[{"href":"https:\/\/www.europesays.com\/fr\/wp-json\/wp\/v2\/media?parent=659760"}],"wp:term":[{"taxonomy":"category","embeddable":true,"href":"https:\/\/www.europesays.com\/fr\/wp-json\/wp\/v2\/categories?post=659760"},{"taxonomy":"post_tag","embeddable":true,"href":"https:\/\/www.europesays.com\/fr\/wp-json\/wp\/v2\/tags?post=659760"}],"curies":[{"name":"wp","href":"https:\/\/api.w.org\/{rel}","templated":true}]}}