{"id":659770,"date":"2026-01-13T03:14:26","date_gmt":"2026-01-13T03:14:26","guid":{"rendered":"https:\/\/www.europesays.com\/fr\/659770\/"},"modified":"2026-01-13T03:14:26","modified_gmt":"2026-01-13T03:14:26","slug":"nikola-karabatic-allison-pineau-cleopatre-darleux-vincent-gerard-et-siraba-dembele-intronises-dans-le-hall-of-fame-des-equipes-de-france-lequipe","status":"publish","type":"post","link":"https:\/\/www.europesays.com\/fr\/659770\/","title":{"rendered":"Nikola Karabatic, Allison Pineau, Cl\u00e9opatre Darleux, Vincent G\u00e9rard et Siraba Demb\u00e9l\u00e9 intronis\u00e9s dans le Hall of Fame des \u00e9quipes de France &#8211; L&#039;\u00c9quipe"},"content":{"rendered":"<ol>\n<li><a href=\"https:\/\/news.google.com\/rss\/articles\/CBMilgJBVV95cUxNSnloQUtEMFZzWHI0SnQ2Rkdfc19xUGtYUUlvV2pQN0NZZGxTWXgzME01aWdKbHdETlF1YmF3b2lldjFXZE01RllhZ29qQm9NSXRLN3lUSlViWWoyMTc5VFdVTUxxWEtPQU1LUGFidUNSQ3JaU0NFSnV3N1BlMU5VN2NMMGxsbVFLZ1Fkbms1U2hoN1BRaGtpRi1GY2d3M3IycHJHTkVfUll5VmNTQUJHcmwzckVqWktnSW9INWE5bHNQRXJ6VGRad3VRTXl2SktIdjhoS2pYc3NaVXo5UnU5bFRVMl9kSl85SF9KNFUxTEktaE9oODVOdHE0SEV3Vmh2TlozWXVyeWJMclVSZEdYLWtvWEZxUQ?oc=5\" target=\"_blank\" rel=\"noopener\">Nikola Karabatic, Allison Pineau, Cl\u00e9opatre Darleux, Vincent G\u00e9rard et Siraba Demb\u00e9l\u00e9 intronis\u00e9s dans le Hall of Fame des \u00e9quipes de France<\/a>&nbsp;&nbsp;L&rsquo;\u00c9quipe<\/li>\n<li><a href=\"https:\/\/news.google.com\/rss\/articles\/CBMizwFBVV95cUxNcFhLckJlLWZaTERCUkpLd2NRbjlBLUpYTEptWXoydU94RXFLeWk0WXgzVnoxMC1FT092TmhBcDIzY1NpQ3pFckRGSWJvMTQ3QVB2SnBuY19fS1ZrZWtLZlBPcnRPR25UZ3IzdGQwclQ5Q256dzFUUkpGNHI0TEdYWUpfV2U1N3FfeWNjZ1FmaDhLQVNzdmhaS25KV3hoMkNZMDlFNEM0T2lScU9HMHN4cjdHS3NMQmhrdXZldEM1QjIwbWlfTUZMNmhfZmZVUUU?oc=5\" target=\"_blank\" rel=\"noopener\">Handball : la Drouaise Siraba Demb\u00e9l\u00e9 au Hall of Fame des \u00e9quipes de France<\/a>&nbsp;&nbsp;L\u2019\u00c9cho R\u00e9publicain<\/li>\n<li><a href=\"https:\/\/news.google.com\/rss\/articles\/CBMisAFBVV95cUxPd2RpWXdhNzlqdUxRZ3hzUUwzMkd3TTl4ZFZadlRZTE5iSDhkQV9VMUppOHRscXEyRDVudnlSZXItYnphR05JNGpRZWhQUVJ3bDh5V3NDY0JpLTV3anowZWhWVjZKcjJCOHhDZUx1Y3ZkdmhpZ1FYcUpCX2V5OFZoNGI1N1NMT2hGMTN1N2FqSGVDLXhsWFYtdWdUYlVaMkNhbHVDVkE5YUljM0cwa2tRcQ?oc=5\" target=\"_blank\" rel=\"noopener\">Hall of Fame &#8211; Sept l\u00e9gendes int\u00e8grent le Hall of Fame<\/a>&nbsp;&nbsp;F\u00e9d\u00e9ration Fran\u00e7aise de Handball<\/li>\n<li><a href=\"https:\/\/news.google.com\/rss\/articles\/CBMi2AFBVV95cUxQaHNGNTR0OG9mVVAwYXpmRlhRYUNjaTJNdWVpTkhfaVRDYnRvXzlKUEx4QVdrcDJXQTFNZ0RlYVk0eHJnWEpmRW9LaWZiYno5WWNaOTdheGNYN2o1M1k2Sm5nVG5icVU0aTBtSU1iSUp3SjY1M0d1Zm1mTEU5ZlFIbXZUQy1Vb3Jjd2hiVmxsRElNQVpEQ29yenhZQWNZRUUyZDgzTnVaYTdrc19iS1c3MFpKZk5ISm1OSno4NWNfTW5RdjRDVWdmVktkZ1RTZF9wUk9MRHl4Rnk?oc=5\" target=\"_blank\" rel=\"noopener\">Allison Pineau \u00ab tr\u00e8s touch\u00e9e \u00bb d&rsquo;entrer au Hall of Fame &#8211; Hand &#8211; Bleues (F)<\/a>&nbsp;&nbsp;Sports &#8211; Orange<\/li>\n<li><a href=\"https:\/\/news.google.com\/rss\/articles\/CBMi-wFBVV95cUxNRHVScUhKUGY1TFJ3YmhudjNvakdJSnZrdFRHN1JtX21tUVFEYlpMcUZWMDdFQkxvRGctdzRvUVhIVXdGXzltT09JUTZOczA0Z3l1N28yWVVVYXFEWUYtMEJZOVpNa05kWmlrY0ZVS3FnNjRiRUZ1RWFQTjlTQUFOSUZ6aFE2X2RITXpfMlo0eXVXY0hsVW11dlhmcXB0QjJrWGpySmh3enVLZUdQVHhBcVRzaTNaZGR2eGh4cWZRVjhiSnF6SW5pRDBfdFlHVmtJREE2MWstbTllM21VM0FSMUlPOUU3N3NuR1FZQVFVdXVMQXc5ay1yc1h0bw?oc=5\" target=\"_blank\" rel=\"noopener\">Handball. Anciennes figures de Metz Handball, Cl\u00e9opatre Darleux, Allison Pineau et Amandine Leynaud intronis\u00e9es au Hall of Fame<\/a>&nbsp;&nbsp;Le Republicain Lorrain<\/li>\n<\/ol>\n","protected":false},"excerpt":{"rendered":"Nikola Karabatic, Allison Pineau, Cl\u00e9opatre Darleux, Vincent G\u00e9rard et Siraba Demb\u00e9l\u00e9 intronis\u00e9s dans le Hall of Fame des&hellip;\n","protected":false},"author":2,"featured_media":659771,"comment_status":"","ping_status":"","sticky":false,"template":"","format":"standard","meta":{"footnotes":""},"categories":[2],"tags":[11,1011,27,12,25],"class_list":{"0":"post-659770","1":"post","2":"type-post","3":"status-publish","4":"format-standard","5":"has-post-thumbnail","7":"category-actualites","8":"tag-actualites","9":"tag-fr","10":"tag-france","11":"tag-news","12":"tag-republique-francaise"},"share_on_mastodon":{"url":"https:\/\/pubeurope.com\/@fr\/115885615589540703","error":""},"_links":{"self":[{"href":"https:\/\/www.europesays.com\/fr\/wp-json\/wp\/v2\/posts\/659770","targetHints":{"allow":["GET"]}}],"collection":[{"href":"https:\/\/www.europesays.com\/fr\/wp-json\/wp\/v2\/posts"}],"about":[{"href":"https:\/\/www.europesays.com\/fr\/wp-json\/wp\/v2\/types\/post"}],"author":[{"embeddable":true,"href":"https:\/\/www.europesays.com\/fr\/wp-json\/wp\/v2\/users\/2"}],"replies":[{"embeddable":true,"href":"https:\/\/www.europesays.com\/fr\/wp-json\/wp\/v2\/comments?post=659770"}],"version-history":[{"count":0,"href":"https:\/\/www.europesays.com\/fr\/wp-json\/wp\/v2\/posts\/659770\/revisions"}],"wp:featuredmedia":[{"embeddable":true,"href":"https:\/\/www.europesays.com\/fr\/wp-json\/wp\/v2\/media\/659771"}],"wp:attachment":[{"href":"https:\/\/www.europesays.com\/fr\/wp-json\/wp\/v2\/media?parent=659770"}],"wp:term":[{"taxonomy":"category","embeddable":true,"href":"https:\/\/www.europesays.com\/fr\/wp-json\/wp\/v2\/categories?post=659770"},{"taxonomy":"post_tag","embeddable":true,"href":"https:\/\/www.europesays.com\/fr\/wp-json\/wp\/v2\/tags?post=659770"}],"curies":[{"name":"wp","href":"https:\/\/api.w.org\/{rel}","templated":true}]}}