{"id":659778,"date":"2026-01-13T03:24:18","date_gmt":"2026-01-13T03:24:18","guid":{"rendered":"https:\/\/www.europesays.com\/fr\/659778\/"},"modified":"2026-01-13T03:24:18","modified_gmt":"2026-01-13T03:24:18","slug":"bagneres-de-bigorre-bagneres-accueillera-lelite-du-cyclisme-feminin-international","status":"publish","type":"post","link":"https:\/\/www.europesays.com\/fr\/659778\/","title":{"rendered":"Bagn\u00e8res-de-Bigorre. Bagn\u00e8res accueillera l\u2019\u00e9lite du cyclisme f\u00e9minin international"},"content":{"rendered":"<p>\n                                                                    l&rsquo;essentiel<br \/>\n                                                                Le samedi 13 juin 2026, Bagn\u00e8res-de-Bigorre accueillera l\u2019arriv\u00e9e de la 2e\u1d49 \u00e9tape du Tour F\u00e9minin International des Pyr\u00e9n\u00e9es. Une convention sera sign\u00e9e entre la ville et l\u2019organisation.\n                            <\/p>\n<p>La commune de Bagn\u00e8res-de-Bigorre s\u2019inscrira de nouveau au c\u0153ur de l\u2019actualit\u00e9 sportive en accueillant, le samedi 13 juin 2026, l\u2019arriv\u00e9e de la 2e\u1d49 \u00e9tape du Tour F\u00e9minin International des Pyr\u00e9n\u00e9es. Cet \u00e9v\u00e9nement majeur du calendrier cycliste f\u00e9minin international rassemblera des \u00e9quipes de haut niveau sur les routes exigeantes du massif pyr\u00e9n\u00e9en, offrant un spectacle sportif de premier plan.<\/p>\n<p>Reconnue pour la qualit\u00e9 de son parcours et pour son ancrage territorial, cette course constitue une v\u00e9ritable vitrine pour la vall\u00e9e de la Haute Bigorre.<\/p>\n<p>Chaque \u00e9dition attire un public nombreux, compos\u00e9 d\u2019amateurs de cyclisme, de touristes et de passionn\u00e9s de montagne, tout en b\u00e9n\u00e9ficiant d\u2019une couverture m\u00e9diatique croissante, tant au niveau national qu\u2019international. Pour Bagn\u00e8res-de-Bigorre, l\u2019accueil d\u2019une arriv\u00e9e d\u2019\u00e9tape repr\u00e9sente une opportunit\u00e9 strat\u00e9gique de promotion du territoire, de son patrimoine et de ses infrastructures.<\/p>\n<p>Dans le cadre de cette nouvelle \u00e9dition, le Comit\u00e9 d\u2019Organisation du Tour F\u00e9minin International des Pyr\u00e9n\u00e9es (COTFIP) a propos\u00e9 une convention unique associant la commune et la Communaut\u00e9 de Communes de la Haute Bigorre. Ce partenariat traduit une volont\u00e9 commune de soutenir le sport f\u00e9minin de haut niveau tout en valorisant l\u2019image dynamique et sportive du territoire.<\/p>\n<p>Une participation financi\u00e8re \u00e9quitable<\/p>\n<p>La participation financi\u00e8re est r\u00e9partie de mani\u00e8re \u00e9quilibr\u00e9e entre les deux collectivit\u00e9s comme pr\u00e9cis\u00e9 en conseil municipal par Karen Baqu\u00e9-Haunold \u00ab\u00a0La commune de Bagn\u00e8res-de-Bigorre s\u2019engage \u00e0 verser une contribution de 15 000 \u20ac, \u00e0 laquelle s\u2019ajoutent des moyens logistiques et humains indispensables au bon d\u00e9roulement de l\u2019\u00e9v\u00e9nement, ainsi que l\u2019achat de sept bouquets de fleurs destin\u00e9s au protocole officiel. De son c\u00f4t\u00e9, la Communaut\u00e9 de Communes de la Haute Bigorre apportera \u00e9galement une participation financi\u00e8re de 15 000 \u20ac\u00a0\u00bb. L\u2019ensemble de ces engagements est formalis\u00e9 dans une convention qui sera soumise \u00e0 la signature du maire.<\/p>\n<p>Au-del\u00e0 de l\u2019aspect sportif, l\u2019arriv\u00e9e du Tour F\u00e9minin International des Pyr\u00e9n\u00e9es \u00e0 Bagn\u00e8res-de-Bigorre s\u2019inscrit dans une d\u00e9marche plus large de soutien aux grandes manifestations, g\u00e9n\u00e9ratrices de retomb\u00e9es \u00e9conomiques pour les commerces, l\u2019h\u00f4tellerie et la restauration locales.<\/p>\n<p>Les cr\u00e9dits correspondants seront inscrits au budget 2026, confirmant l\u2019engagement durable de la commune en faveur du sport, de l\u2019\u00e9galit\u00e9 et du rayonnement de la vall\u00e9e.<\/p>\n","protected":false},"excerpt":{"rendered":"l&rsquo;essentiel Le samedi 13 juin 2026, Bagn\u00e8res-de-Bigorre accueillera l\u2019arriv\u00e9e de la 2e\u1d49 \u00e9tape du Tour F\u00e9minin International des&hellip;\n","protected":false},"author":2,"featured_media":659779,"comment_status":"","ping_status":"","sticky":false,"template":"","format":"standard","meta":{"footnotes":""},"categories":[1411],"tags":[69876,1154,207,1011,27,4973,517,60],"class_list":{"0":"post-659778","1":"post","2":"type-post","3":"status-publish","4":"format-standard","5":"has-post-thumbnail","7":"category-cyclisme","8":"tag-bagneresdebigorre","9":"tag-cycling","10":"tag-cyclisme","11":"tag-fr","12":"tag-france","13":"tag-hautes-pyrenees","14":"tag-sport","15":"tag-sports"},"share_on_mastodon":{"url":"https:\/\/pubeurope.com\/@fr\/115885654918268314","error":""},"_links":{"self":[{"href":"https:\/\/www.europesays.com\/fr\/wp-json\/wp\/v2\/posts\/659778","targetHints":{"allow":["GET"]}}],"collection":[{"href":"https:\/\/www.europesays.com\/fr\/wp-json\/wp\/v2\/posts"}],"about":[{"href":"https:\/\/www.europesays.com\/fr\/wp-json\/wp\/v2\/types\/post"}],"author":[{"embeddable":true,"href":"https:\/\/www.europesays.com\/fr\/wp-json\/wp\/v2\/users\/2"}],"replies":[{"embeddable":true,"href":"https:\/\/www.europesays.com\/fr\/wp-json\/wp\/v2\/comments?post=659778"}],"version-history":[{"count":0,"href":"https:\/\/www.europesays.com\/fr\/wp-json\/wp\/v2\/posts\/659778\/revisions"}],"wp:featuredmedia":[{"embeddable":true,"href":"https:\/\/www.europesays.com\/fr\/wp-json\/wp\/v2\/media\/659779"}],"wp:attachment":[{"href":"https:\/\/www.europesays.com\/fr\/wp-json\/wp\/v2\/media?parent=659778"}],"wp:term":[{"taxonomy":"category","embeddable":true,"href":"https:\/\/www.europesays.com\/fr\/wp-json\/wp\/v2\/categories?post=659778"},{"taxonomy":"post_tag","embeddable":true,"href":"https:\/\/www.europesays.com\/fr\/wp-json\/wp\/v2\/tags?post=659778"}],"curies":[{"name":"wp","href":"https:\/\/api.w.org\/{rel}","templated":true}]}}