{"id":65978,"date":"2025-05-01T03:45:15","date_gmt":"2025-05-01T03:45:15","guid":{"rendered":"https:\/\/www.europesays.com\/fr\/65978\/"},"modified":"2025-05-01T03:45:15","modified_gmt":"2025-05-01T03:45:15","slug":"el-m-1-4-montpellier-sinvite-au-final4-germanique","status":"publish","type":"post","link":"https:\/\/www.europesays.com\/fr\/65978\/","title":{"rendered":"EL (M) &#8211; 1\/4 | Montpellier s&rsquo;invite au Final4 germanique !"},"content":{"rendered":"<p>                <img loading=\"lazy\" decoding=\"async\" class=\"size-large wp-image-315375\" src=\"https:\/\/www.europesays.com\/fr\/wp-content\/uploads\/2025\/05\/IMG_8122-min-1024x683.jpg\" alt=\"\" width=\"1024\" height=\"683\"\/>Diego Simonet (Montpellier) &#8211; Cr\u00e9dit : Mar\u00e9va Fontaine<\/p>\n<p style=\"text-align: justify;\"><strong>Apr\u00e8s son beau match nul \u00e0 domicile, Limoges n&rsquo;a pas r\u00e9alis\u00e9 l&rsquo;exploit du c\u00f4t\u00e9 de Kiel et quitte la comp\u00e9tition europ\u00e9enne avec les honneurs (35-30). Pour Montpellier, le bon match aller est confirm\u00e9 face \u00e0 Porto (35-32), compostant le ticket pour un Final4 o\u00f9 figureront \u00e9galement Melsungen et Flensburg.<\/strong><\/p>\n<p style=\"text-align: justify;\">Apr\u00e8s <a href=\"https:\/\/handnews.fr\/2025\/el-m-montpellier-simpose-limoges-tient-le-choc\/\" target=\"_blank\" rel=\"noopener\">son match nul face \u00e0 l&rsquo;ogre allemand<\/a> du <strong>THW Kiel<\/strong>, les joueurs de <strong>Limoges<\/strong> partaient pour un projet \u00ab\u00a0mission impossible\u00a0\u00bb outre-Rhin. Les hommes d&rsquo;Alberto Entrerrios vont toutefois se mettre dans les meilleures dispositions pour esp\u00e9rer l&rsquo;exploit avec un d\u00e9part canon et un <strong>Faruk Yusuf<\/strong> en feu (5\/6 dans les 25 premi\u00e8res minutes, 11-13, 26&prime;). Malheureusement, les espoirs seront de courte dur\u00e9e et les Z\u00e8bres vont prendre progressivement la main dans le second acte (18-18, 34&prime; ; 28-22, 46&prime; ; 33-26, 54&prime;). Dans cette remont\u00e9e, les Allemands auront pu s&rsquo;appuyer sur ses jeunes talents : les gaucher hongrois <strong>Bence Imre<\/strong> \u00e0 l&rsquo;aile, le danois <strong>Emil Madsen<\/strong> sur la base arri\u00e8re (6 buts chacun) et le Su\u00e9dois <strong>Eric Johansson<\/strong> au poste d&rsquo;arri\u00e8re gauche (7\/11). Limoges s&rsquo;incline finalement logiquement et met ainsi un terme \u00e0 un parcours europ\u00e9en exceptionnel pour une premi\u00e8re \u00e0 ce niveau (<strong>35-30<\/strong>).<\/p>\n<p>Montpellier se fait peur \u00e0 mi-parcours mais ma\u00eetrise sa qualification<\/p>\n<p style=\"text-align: justify;\"><strong>Montpellier<\/strong>, plus habitu\u00e9 des quarts de finale europ\u00e9ens, n&rsquo;aura pas flanch\u00e9 face \u00e0 son public pour n\u00e9gocier le match retour face aux Portugais du <strong>FC Porto<\/strong>. Vainqueurs d&rsquo;un petit but en terres lusophones la semaine pass\u00e9e, apr\u00e8s avoir men\u00e9 de 3 longueurs \u00e0 5 minutes du terme,\u00a0 les H\u00e9raultais ont su ma\u00eetriser leur match retour avec un \u00e9tat d&rsquo;esprit conqu\u00e9rant d&rsquo;entr\u00e9e (8-4, 10&prime; ; 14-8, 18&prime;). Les revenants de la base arri\u00e8re montpelli\u00e9raine n&rsquo;y sont pas pour rien, <strong>Diego Simonet<\/strong> r\u00e9alisant un d\u00e9part canon dans ce match d\u00e9cisif (7\/8 sur les 25 premi\u00e8res minutes, dont 5\/5 dans les 12 premi\u00e8res minutes). Du reste, <strong>Ahmed Hesham<\/strong> se sera \u00e9galement montr\u00e9 efficace face \u00e0 la cage (5\/8) et <strong>Stas Skube<\/strong> aura pris \u00e0 merveille le relai de son partenaire argentin durant le second acte (5\/5), s&rsquo;appuyant notamment sur un bon <strong>Arthur Lenne<\/strong> au poste de pivot (5\/6). Aussi, outre l&rsquo;inqui\u00e9tante remontada portugaise \u00e0 cheval sur les deux mi-temps (18-13, 25&prime; ; 19-20, 38&prime;), les hommes d&rsquo;\u00c9rick Math\u00e9 sauront reprendre les r\u00eanes de la rencontre de deux buts coup sur coup de <strong>Jaime Fernandez<\/strong> (5\/5) pour conserver leur sang-froid dans un money time serr\u00e9 (24-21, 42&prime; ; 30-27, 50&prime; ; 30-29, 54&prime;). Les 5 derni\u00e8res minutes permettront au public fran\u00e7ais de se rassurer et le MHB composte solidement son ticket pour le Final4 de la Ligue Europ\u00e9enne (<strong>35-32<\/strong>).<\/p>\n<p><img loading=\"lazy\" decoding=\"async\" class=\"size-full wp-image-314682\" src=\"https:\/\/www.europesays.com\/fr\/wp-content\/uploads\/2025\/05\/HESHAM-ELSAYED-MOHAB-Ahmed-Paris-Montpellier-LMS-J09-03-nov-2024-3278.jpg\" alt=\"\" width=\"900\" height=\"600\"\/>HESHAM ELSAYED MOHAB Ahmed (Montpellier HB)<\/p>\n<p style=\"text-align: justify;\">Outre le THW Kiel, qui avait \u00e9t\u00e9 le fossoyeur-surprise des espoirs de Final4 de Ligue des Champions des Montpelli\u00e9rains l&rsquo;ann\u00e9e pass\u00e9e, les Fran\u00e7ais croiseront la route de deux autres solides formations germaniques : le<strong> MT Melsungen<\/strong>, actuel co-leader de Bundesliga et les historiques du<strong> SG Flensburg<\/strong>. Les premiers se seront rassur\u00e9s face au <strong>Bidasoa Irun<\/strong> apr\u00e8s ne l&rsquo;avoir emport\u00e9 que d&rsquo;un but en Allemagne. Dans le pays basque hier soir, les joueurs du MT auront pu compter sur un <strong>Adam Morawski<\/strong> fiable entre ses poteaux (11 parades, 37%) et aux grandes prestations de ses deux espagnols : l&rsquo;ex-Toulousain <strong>Erik Balenciaga<\/strong> (5\/6) et \u00e0 l&rsquo;ex-Barcelonnais <strong>Ian Barrufet<\/strong> (9\/10). Au final, un large succ\u00e8s de 10 unit\u00e9s qui ne laisse aucune place au doute (<strong>22-32<\/strong>). Pour Flensburg, la messe ne semblait pas non plus dite face \u00e0 une formation de <strong>GOG<\/strong> qui avait 3 unit\u00e9s \u00e0 remonter en Allemagne. La logique a toutefois \u00e9t\u00e9 respect\u00e9e, les Germaniques ayant la dent dure, particuli\u00e8rement leurs M\u00f6ller avec un <strong>Lasse <b>M\u00f8ller <\/b><\/strong>excellent en attaque (9\/13) tandis que <strong><b>Kevin M\u00f8ller <\/b><\/strong>fermait la boutique dans sa cage (12 parades).<\/p>\n<p>\u00c0 Hambourg, Montpellier contre les Allemands<\/p>\n<p style=\"text-align: justify;\">Ainsi, les saisons se suivent et se ressemblent pour cette \u00ab\u00a0petite\u00a0\u00bb coupe d&rsquo;Europe souvent promise aux Allemands. En 2021 et 2024, trois Allemands \u00e9taient \u00e9galement au Final4 et, depuis la refonte de la comp\u00e9tition sur la saison 2020-2021, seul le Benfica en 2022 est parvenu \u00e0 ravir le troph\u00e9e aux concurrents de Bundesliga (Magdeburg en 2021, Berlin en 2023, Flensburg en 2024). Les Fran\u00e7ais de Montpellier auront ainsi la lourde t\u00e2che de briser la mal\u00e9diction fran\u00e7aise en accrochant, pour la premi\u00e8re fois de l&rsquo;histoire de la seconde coupe d&rsquo;Europe, un club Fran\u00e7ais sur le toit de l&rsquo;Europe.<\/p>\n<p>Retrouvez les r\u00e9sultats et le calendrier des matchs \u00e9liminatoires sur notre <a href=\"https:\/\/handnews.fr\/championnat\/ehf-european-league\/\" target=\"_blank\" rel=\"noopener\">espace Classements<\/a>.<\/p>\n<p style=\"text-align: right;\">Antoine Piollat<\/p>\n","protected":false},"excerpt":{"rendered":"Diego Simonet (Montpellier) &#8211; Cr\u00e9dit : Mar\u00e9va Fontaine Apr\u00e8s son beau match nul \u00e0 domicile, Limoges n&rsquo;a pas&hellip;\n","protected":false},"author":2,"featured_media":65979,"comment_status":"","ping_status":"","sticky":false,"template":"","format":"standard","meta":{"footnotes":""},"categories":[9599],"tags":[1111,11,16613,16614,16615,16616,13470,16617,16618,16619,16620,1777,674,16621,1011,27,16622,16623,16624,16625,16626,13472,2208,13474,12,2680,25,16627,16628,13477],"class_list":{"0":"post-65978","1":"post","2":"type-post","3":"status-publish","4":"format-standard","5":"has-post-thumbnail","7":"category-montpellier","8":"tag-actu","9":"tag-actualites","10":"tag-adam-morawski","11":"tag-ahmed-hesham","12":"tag-arthur-lenne","13":"tag-bence-imre","14":"tag-bidasoa-irun","15":"tag-diego-simonet","16":"tag-emil-madsen","17":"tag-eric-johansson","18":"tag-erik-balenciaga","19":"tag-eu","20":"tag-europe","21":"tag-faruk-yusuf","22":"tag-fr","23":"tag-france","24":"tag-gog-gudme","25":"tag-ian-barrufet","26":"tag-jaime-fernandez","27":"tag-kevin-moller","28":"tag-lasse-moller","29":"tag-limoges-handball","30":"tag-montpellier","31":"tag-mt-melsungen","32":"tag-news","33":"tag-occitanie","34":"tag-republique-francaise","35":"tag-sg-flensburg","36":"tag-stas-skube","37":"tag-thw-kiel"},"share_on_mastodon":{"url":"https:\/\/pubeurope.com\/@fr\/114430523694365673","error":""},"_links":{"self":[{"href":"https:\/\/www.europesays.com\/fr\/wp-json\/wp\/v2\/posts\/65978","targetHints":{"allow":["GET"]}}],"collection":[{"href":"https:\/\/www.europesays.com\/fr\/wp-json\/wp\/v2\/posts"}],"about":[{"href":"https:\/\/www.europesays.com\/fr\/wp-json\/wp\/v2\/types\/post"}],"author":[{"embeddable":true,"href":"https:\/\/www.europesays.com\/fr\/wp-json\/wp\/v2\/users\/2"}],"replies":[{"embeddable":true,"href":"https:\/\/www.europesays.com\/fr\/wp-json\/wp\/v2\/comments?post=65978"}],"version-history":[{"count":0,"href":"https:\/\/www.europesays.com\/fr\/wp-json\/wp\/v2\/posts\/65978\/revisions"}],"wp:featuredmedia":[{"embeddable":true,"href":"https:\/\/www.europesays.com\/fr\/wp-json\/wp\/v2\/media\/65979"}],"wp:attachment":[{"href":"https:\/\/www.europesays.com\/fr\/wp-json\/wp\/v2\/media?parent=65978"}],"wp:term":[{"taxonomy":"category","embeddable":true,"href":"https:\/\/www.europesays.com\/fr\/wp-json\/wp\/v2\/categories?post=65978"},{"taxonomy":"post_tag","embeddable":true,"href":"https:\/\/www.europesays.com\/fr\/wp-json\/wp\/v2\/tags?post=65978"}],"curies":[{"name":"wp","href":"https:\/\/api.w.org\/{rel}","templated":true}]}}