{"id":659788,"date":"2026-01-13T03:30:20","date_gmt":"2026-01-13T03:30:20","guid":{"rendered":"https:\/\/www.europesays.com\/fr\/659788\/"},"modified":"2026-01-13T03:30:20","modified_gmt":"2026-01-13T03:30:20","slug":"le-metier-ne-sinteressait-qua-karen-cheryl-la-jeune-chanteuse-pas-a-moi","status":"publish","type":"post","link":"https:\/\/www.europesays.com\/fr\/659788\/","title":{"rendered":"\u00ab\u202fLe m\u00e9tier ne s\u2019int\u00e9ressait qu\u2019\u00e0 Karen Cheryl, la jeune chanteuse. Pas \u00e0 moi \u00bb"},"content":{"rendered":"<p>Il y a des retours involontaires qui tiennent du malentendu heureux. Au printemps dernier, la maison de disques Warner exhume le r\u00e9pertoire de Karen Cheryl. Le best of se hisse \u00e0 la quatri\u00e8me place des ventes, juste derri\u00e8re <a href=\"https:\/\/www.latribune.fr\/la-tribune-dimanche\/culture-et-tendances\/musique\/lady-gaga-le-retour-de-la-dark-diva-1020108.html\" target=\"_blank\" rel=\"noopener\">Lady Gaga<\/a>. Un succ\u00e8s aussi massif qu\u2019inattendu et, surtout, totalement \u00e9tranger \u00e0 la volont\u00e9 de celle qui l\u2019incarne. Car derri\u00e8re l\u2019ic\u00f4ne populaire aux millions de disques vendus, il y avait une femme qui, en 1991, a choisi de s\u2019arr\u00eater net. Non par fatigue ou par d\u00e9samour, mais pour reprendre possession de son nom et de sa vie. Redevenir Isabelle Morizet.<\/p>\n<p>Fille d\u2019agriculteur normand, \u00e9lev\u00e9e loin des projecteurs, premier prix de batterie au conservatoire, lectrice passionn\u00e9e, amatrice de house et d\u2019\u00e9lectro, autant de dimensions longtemps \u00e9clips\u00e9es par un personnage trop \u00e9troit. Ce retour n\u2019annonce pourtant aucune renaissance <a href=\"https:\/\/www.latribune.fr\/la-tribune-dimanche\/musique-989\" target=\"_blank\" rel=\"noopener\">musicale<\/a>. Sa d\u00e9cision est irr\u00e9vocable, Isabelle Morizet n\u2019entend pas revenir \u00e0 la sc\u00e8ne. Et c\u2019est pr\u00e9cis\u00e9ment ce refus qui donne \u00e0 ce succ\u00e8s sa densit\u00e9 singuli\u00e8re. Car il ne s\u2019agit pas de <a href=\"https:\/\/www.latribune.fr\/opinions\/tribunes\/quand-les-marques-jouent-sur-la-nostalgie-489824.html\" target=\"_blank\" rel=\"noopener\">nostalgie<\/a>, mais de reconnaissance diff\u00e9r\u00e9e. Celle d\u2019un parcours parfois douloureux, souvent courageux. Celui d\u2019une femme qui d\u00e9couvre avec un \u00e9tonnement m\u00eal\u00e9 de douceur que le public, lui, la garde toujours dans son c\u0153ur.<\/p>\n","protected":false},"excerpt":{"rendered":"Il y a des retours involontaires qui tiennent du malentendu heureux. Au printemps dernier, la maison de disques&hellip;\n","protected":false},"author":2,"featured_media":659789,"comment_status":"","ping_status":"","sticky":false,"template":"","format":"standard","meta":{"footnotes":""},"categories":[1355],"tags":[930,5734,2704,76160,58,59,1011,27,55446,3913,24865,3102,12244,76157,1361,873,5261,76159,76158],"class_list":{"0":"post-659788","1":"post","2":"type-post","3":"status-publish","4":"format-standard","5":"has-post-thumbnail","7":"category-musique","8":"tag-le","9":"tag-5734","10":"tag-chanteuse","11":"tag-cheryl","12":"tag-divertissement","13":"tag-entertainment","14":"tag-fr","15":"tag-france","16":"tag-isabelle","17":"tag-jeune","18":"tag-karen","19":"tag-la-tribune-dimanche","20":"tag-metier","21":"tag-morizet","22":"tag-music","23":"tag-musique","24":"tag-pas","25":"tag-qua","26":"tag-sinteressait"},"share_on_mastodon":{"url":"https:\/\/pubeurope.com\/@fr\/115885678411755360","error":""},"_links":{"self":[{"href":"https:\/\/www.europesays.com\/fr\/wp-json\/wp\/v2\/posts\/659788","targetHints":{"allow":["GET"]}}],"collection":[{"href":"https:\/\/www.europesays.com\/fr\/wp-json\/wp\/v2\/posts"}],"about":[{"href":"https:\/\/www.europesays.com\/fr\/wp-json\/wp\/v2\/types\/post"}],"author":[{"embeddable":true,"href":"https:\/\/www.europesays.com\/fr\/wp-json\/wp\/v2\/users\/2"}],"replies":[{"embeddable":true,"href":"https:\/\/www.europesays.com\/fr\/wp-json\/wp\/v2\/comments?post=659788"}],"version-history":[{"count":0,"href":"https:\/\/www.europesays.com\/fr\/wp-json\/wp\/v2\/posts\/659788\/revisions"}],"wp:featuredmedia":[{"embeddable":true,"href":"https:\/\/www.europesays.com\/fr\/wp-json\/wp\/v2\/media\/659789"}],"wp:attachment":[{"href":"https:\/\/www.europesays.com\/fr\/wp-json\/wp\/v2\/media?parent=659788"}],"wp:term":[{"taxonomy":"category","embeddable":true,"href":"https:\/\/www.europesays.com\/fr\/wp-json\/wp\/v2\/categories?post=659788"},{"taxonomy":"post_tag","embeddable":true,"href":"https:\/\/www.europesays.com\/fr\/wp-json\/wp\/v2\/tags?post=659788"}],"curies":[{"name":"wp","href":"https:\/\/api.w.org\/{rel}","templated":true}]}}