{"id":659797,"date":"2026-01-13T03:38:15","date_gmt":"2026-01-13T03:38:15","guid":{"rendered":"https:\/\/www.europesays.com\/fr\/659797\/"},"modified":"2026-01-13T03:38:15","modified_gmt":"2026-01-13T03:38:15","slug":"une-studette-de-moins-de-6-m%c2%b2-affichee-au-prix-de-60-700-euros-a-paris","status":"publish","type":"post","link":"https:\/\/www.europesays.com\/fr\/659797\/","title":{"rendered":"Une studette de moins de 6 m\u00b2 affich\u00e9e au prix de 60 700 euros \u00e0 Paris"},"content":{"rendered":"<p>        <img decoding=\"async\" src=\"https:\/\/www.europesays.com\/fr\/wp-content\/uploads\/2026\/01\/31bedf78c7060f7943c8543ec25ac580-760x538.jpg\" alt=\"\u00c0 Paris, une \u00ab studette \u00bb de 4,81 m\u00b2 carrez est \u00e0 vendre au pris de 60 700 euros. (edmondlafoto \/ Pixabay)\" loading=\"eager\" fetchpriority=\"high\" width=\"760\" height=\"538\" style=\"max-width: 100%!important; height: auto;\"\/><\/p>\n<p class=\"c-image-news__legend\">\u00c0 Paris, une \u00ab studette \u00bb de 4,81 m\u00b2 carrez est \u00e0 vendre au pris de 60 700 euros. (edmondlafoto \/ Pixabay)<\/p>\n<p>\n <strong><br \/>\n  Un propri\u00e9taire parisien vend une \u00ab studette pr\u00eate \u00e0 vivre \u00bb de moins de 6 m\u00b2, pour un prix de 60.000 euros. En dessous de 8 m\u00b2, un bien ne peut pas \u00eatre pr\u00e9sent\u00e9 comme un \u00ab logement \u00bb. L&rsquo;acheteur peut engager des poursuites contre le vendeur.<br \/>\n <\/strong>\n<\/p>\n<p>\n \u00c0 Paris, il n&rsquo;est pas rare de voir des annonces immobili\u00e8res proposant la vente de petites surfaces mais aussi&#8230; de toutes petites surfaces. Ce mois de janvier, nos confr\u00e8res de<br \/>\n <a href=\"https:\/\/www.bfmtv.com\/immobilier\/60-700-euros-pour-cette-studette-de-6-metres-carres-prete-a-vivre-mais-seulement-4-81-metres-a-cause-du-ballon-d-eau-chaude-peut-on-vraiment-vendre-des-logements-aussi-petits_AN-202601110243.html\" rel=\"nofollow noopener noreferrer\" target=\"_blank\"><\/p>\n<p>   BFM Business<\/p>\n<p> <\/a><br \/>\n ont rep\u00e9r\u00e9 l&rsquo;une d&rsquo;elles sur<br \/>\n <a href=\"https:\/\/www.facebook.com\/Sylvieandreoneimmobilier\/posts\/pfbid0eVxnDZ2ypXRj5jYoQ5JT9gGRvEWbDCKSF5TuSDTx3z9rsM6dgV9Kw6kF1nuEndmZl\" rel=\"nofollow noopener noreferrer\" target=\"_blank\"><br \/>\n  Facebook<br \/>\n <\/a><br \/>\n .\n<\/p>\n<p> Une surface minimale<\/p>\n<p>\n Le bien est pr\u00e9sent\u00e9 comme une<\/p>\n<p>  \u00ab studette pr\u00eate \u00e0 vivre \u00bb<\/p>\n<p> de 5,86 m\u00b2 au sol, 4,81 m\u00b2 carrez. Situ\u00e9 sur la butte Montmartre, il se trouve au 5e \u00e9tage sans ascenseur. L&rsquo;\u00e9vier du coin kitchenette est aussi la douche, et les toilettes sont sur le palier. La studette offre \u00e9galement<\/p>\n<p>  \u00ab un jardin partag\u00e9 avec possibilit\u00e9 de garer son v\u00e9lo \u00bb<\/p>\n<p> . Son prix : 60 700 euros (frais d&rsquo;agence inclus), soit un peu plus de 10 000 euros le m\u00e8tre carr\u00e9.\n<\/p>\n<p>\n Si ce prix au m\u00e8tre carr\u00e9 correspond \u00e0 la moyenne parisienne, ce sont les \u00ab prestations \u00bb qui interrogent. Il n&rsquo;existe pas de surface minimum pour vendre un bien immobilier. Ainsi, il est tout \u00e0 fait possible de vendre une cave de 3 m\u00b2. N\u00e9anmoins, en dessous de 8 m\u00b2, il est interdit de pr\u00e9sent un bien comme un<\/p>\n<p>  \u00ab logement \u00bb<\/p>\n<p> ou parler de surface<\/p>\n<p>  \u00ab habitable \u00bb<\/p>\n<p> .\n<\/p>\n<p> Des poursuites possibles<\/p>\n<p>\n Si les vendeurs ne respectent pas cette r\u00e8gle, des poursuites peuvent \u00eatre engag\u00e9es. En invoquant un vice de consentement et\/ou un vice de non-conformit\u00e9, l&rsquo;acqu\u00e9reur peut faire baisser le prix. Il peut aussi demander des dommages et int\u00e9r\u00eats et m\u00eame annuler la transaction. Le vendeur peut, lui, \u00eatre accus\u00e9 de pratiques commerciales trompeuses ou tromperie sur les qualit\u00e9s substantielles de la chose vendue. Ces d\u00e9lits sont passibles de deux ans de prison et 300 000 euros d&rsquo;amende.\n<\/p>\n<p>\n Concernant les locations, le bien ne peut pas pr\u00e9senter une surface inf\u00e9rieure \u00e0 9 m\u00b2. La hauteur sous plafond doit 2,20 m et le volume total d&rsquo;au moins 20 m3. Des crit\u00e8res d&rsquo;acc\u00e8s, d&rsquo;\u00e9quipements et d&rsquo;\u00e9clairage naturel doivent \u00e9galement \u00eatre respect\u00e9s.<\/p>\n","protected":false},"excerpt":{"rendered":"\u00c0 Paris, une \u00ab studette \u00bb de 4,81 m\u00b2 carrez est \u00e0 vendre au pris de 60 700&hellip;\n","protected":false},"author":2,"featured_media":659798,"comment_status":"","ping_status":"","sticky":false,"template":"","format":"standard","meta":{"footnotes":""},"categories":[6],"tags":[400,398,408,35,405,33,34,1011,27,403,402,399,404,401,406,407],"class_list":{"0":"post-659797","1":"post","2":"type-post","3":"status-publish","4":"format-standard","5":"has-post-thumbnail","7":"category-economie","8":"tag-action-cac-40","9":"tag-bourse-de-paris","10":"tag-boursorama","11":"tag-business","12":"tag-cotations","13":"tag-economie","14":"tag-economy","15":"tag-fr","16":"tag-france","17":"tag-indices-devises","18":"tag-investir","19":"tag-investissement","20":"tag-marche-boursier","21":"tag-sicav","22":"tag-trackers","23":"tag-warrants"},"share_on_mastodon":{"url":"https:\/\/pubeurope.com\/@fr\/115885710178546639","error":""},"_links":{"self":[{"href":"https:\/\/www.europesays.com\/fr\/wp-json\/wp\/v2\/posts\/659797","targetHints":{"allow":["GET"]}}],"collection":[{"href":"https:\/\/www.europesays.com\/fr\/wp-json\/wp\/v2\/posts"}],"about":[{"href":"https:\/\/www.europesays.com\/fr\/wp-json\/wp\/v2\/types\/post"}],"author":[{"embeddable":true,"href":"https:\/\/www.europesays.com\/fr\/wp-json\/wp\/v2\/users\/2"}],"replies":[{"embeddable":true,"href":"https:\/\/www.europesays.com\/fr\/wp-json\/wp\/v2\/comments?post=659797"}],"version-history":[{"count":0,"href":"https:\/\/www.europesays.com\/fr\/wp-json\/wp\/v2\/posts\/659797\/revisions"}],"wp:featuredmedia":[{"embeddable":true,"href":"https:\/\/www.europesays.com\/fr\/wp-json\/wp\/v2\/media\/659798"}],"wp:attachment":[{"href":"https:\/\/www.europesays.com\/fr\/wp-json\/wp\/v2\/media?parent=659797"}],"wp:term":[{"taxonomy":"category","embeddable":true,"href":"https:\/\/www.europesays.com\/fr\/wp-json\/wp\/v2\/categories?post=659797"},{"taxonomy":"post_tag","embeddable":true,"href":"https:\/\/www.europesays.com\/fr\/wp-json\/wp\/v2\/tags?post=659797"}],"curies":[{"name":"wp","href":"https:\/\/api.w.org\/{rel}","templated":true}]}}