{"id":659811,"date":"2026-01-13T03:48:12","date_gmt":"2026-01-13T03:48:12","guid":{"rendered":"https:\/\/www.europesays.com\/fr\/659811\/"},"modified":"2026-01-13T03:48:12","modified_gmt":"2026-01-13T03:48:12","slug":"le-nouveau-combat-du-docteur-montpellierain-denis-agret-egerie-des-antivax-lors-du-covid","status":"publish","type":"post","link":"https:\/\/www.europesays.com\/fr\/659811\/","title":{"rendered":"Le nouveau combat du docteur montpelli\u00e9rain Denis Agret \u00e9g\u00e9rie des \u00ab\u00a0antivax\u00a0\u00bb lors du Covid"},"content":{"rendered":"<p>                    Par<br \/>\n        <strong><br \/>\n            <a href=\"https:\/\/actu.fr\/auteur\/jm-aubert\" title=\"Consulter tous les articles de Jean-Marc Aubert\" target=\"_blank\" rel=\"noopener\">Jean-Marc Aubert<\/a><br \/>\n                    <\/strong><\/p>\n<p>        Publi\u00e9 le<\/p>\n<p>            12 janv. 2026 \u00e0 15h03        <\/p>\n<p>Il l\u2019a annonc\u00e9 sur son compte X : le <strong>m\u00e9decin montpelli\u00e9rain Denis Agret<\/strong> qui avait fait la Une lors de la crise du <strong>Covid-19<\/strong> en \u00e9tant <a href=\"https:\/\/actu.fr\/occitanie\/montpellier_34172\/montpellier-le-medecin-antivax-denis-agret-defere-au-parquet_45514976.html\" target=\"_blank\" rel=\"noopener\">fermement oppos\u00e9 \u00e0 la vaccination<\/a> et qui se pr\u00e9sentait en 2021 comme un lanceur d\u2019alerte peut reprendre son activit\u00e9 professionnelle, apr\u00e8s que le <strong>Conseil d\u2019\u00c9tat<\/strong> a invalid\u00e9 sa radiation prononc\u00e9e par l\u2019Ordre national des m\u00e9decins.<\/p>\n<p class=\" wall-content\">L\u2019arr\u00eat a \u00e9t\u00e9 rendu le 30 d\u00e9cembre 2025, quasiment un an apr\u00e8s sa radiation qui est remise en cause sur la forme, mais pas sur le fond. En effet, le Conseil d\u2019\u00c9tat estime que l\u2019Ordre des m\u00e9decins a omis de notifier le droit de se taire lors de la proc\u00e9dure disciplinaire et a donc \u00ab\u00a0cass\u00e9\u00a0\u00bb cette d\u00e9cision de\u00a0septembre 2024. D\u00e8s lors, elle lui permet de r\u00e9int\u00e9grer l\u2019Ordre et d\u2019exercer \u00e0 nouveau son m\u00e9tier de m\u00e9decin.<\/p>\n<p class=\" wall-content\">Par ailleurs, sur le plan p\u00e9nal, Denis Agret a \u00e9t\u00e9 condamn\u00e9 en 2022 par le tribunal correctionnel de Montpellier \u00e0 <strong>six mois de prison avec sursis<\/strong> pour \u00ab\u00a0menaces de mort\u00a0\u00bb envers des cadres de l\u2019Agence r\u00e9gionale de sant\u00e9 -ARS- Occitanie et toujours par cette juridiction, la m\u00eame ann\u00e9e, \u00e0 une interdiction d\u2019exercer de trois ans. Une condamnation qui vient de prendre fin.<\/p>\n<p class=\" wall-content\">Mais une nouvelle proc\u00e9dure s\u2019enclenche apr\u00e8s l\u2019arr\u00eat d\u2019invalidation du Conseil d\u2019\u00c9tat : la chambre disciplinaire va rejuger le dossier au fond. Et en attendant, le docteur Denis Agret n\u2019en a pas fini avec l\u2019Ordre des m\u00e9decins de l\u2019H\u00e9rault qui envisage de lancer le plus rapidement possible\u00a0une proc\u00e9dure de \u00ab\u00a0radiation administrative\u00a0\u00bb pour emp\u00eacher le m\u00e9decin d\u2019exercer. Sur les r\u00e9seaux\u00a0sociaux, Denis Agret r\u00e9agit\u00a0: \u00ab\u00a0L\u2019Ordre est ouvertement malveillant ou m\u00e9chant \u00e0 mon encontre\u00a0\u00bb.\u00a0<\/p>\n<p>Vid\u00e9os : en ce moment sur ActuAucun salaire, aucun retour sur les CV<\/p>\n<p class=\" wall-content\">En ce d\u00e9but d\u2019ann\u00e9e, sur X, Denis Agret en appelle \u00e0 la solidarit\u00e9 : \u00ab\u00a0Les attaques de l\u2019Ordre, du minist\u00e8re de la Sant\u00e9, de l\u2019Etat depuis cinq ans ont vid\u00e9 mes r\u00e9serves. Les frais d\u2019avocat pour la prochaine proc\u00e9dure s\u2019\u00e9l\u00e8vent \u00e0 3 600\u20ac. Je n\u2019ai bien \u00e9videmment pas de salaire en ce mois de janvier 2026. J\u2019ai envoy\u00e9 plus de 10 CV \u00e0 des Ehpad pour des postes de m\u00e9decin, sans la moindre r\u00e9ponse. Oui, mon nom d\u00e9range. Accessoirement, mon assurance responsabilit\u00e9 civile m\u2019a exclu compte tenu de la radiation pour \u00ab\u00a0sinistralit\u00e9\u00a0\u00bb\u2026 Donc, je compte encore vraiment sur vous pour m\u2019aider dans toutes ces d\u00e9penses juridiques colossales\u00a0\u00bb. Avec ce lien : <a href=\"https:\/\/we-solidaire.com\/fr\/collecte\/soutenir-un-medecin\" target=\"_blank\" rel=\"noopener\">https:\/\/we-solidaire.com\/fr\/collecte\/soutenir-un-medecin\u00a0<\/a><\/p>\n<p class=\" wall-content\">\n<p class=\" wall-content\">Dans sa longue croisade, le m\u00e9decin montpelli\u00e9rain devenu l\u2019\u00e9g\u00e9rie du mouvement national des \u00ab\u00a0antivax\u00a0\u00bb avait remis en cause la politique de sant\u00e9 publique du gouvernement lors de l\u2019\u00e9pid\u00e9mie du Covid. Outre ses d\u00e9m\u00eal\u00e9es judiciaires et administratifs avec l\u2019Ordre national des m\u00e9decins, celui de l\u2019H\u00e9rault et de l\u2019ARS Occitanie, ses comptes Facebook -qui totalisait 14 000 amis-, Twitter (devenu X) avec 10 000 abonn\u00e9s et sa cha\u00eene You Tube avaient \u00e9t\u00e9 suspendus.<\/p>\n<p>Votre r\u00e9gion, votre actu !<\/p>\n<p>Recevez chaque jour les infos qui comptent pour vous.<\/p>\n<p>\t<a href=\"https:\/\/actu.fr\/newsletter\" class=\"ac-btn ac-btn--corner ac-btn--medium ac-btn--blue800\" target=\"_blank\" rel=\"noopener\">S&rsquo;incrire<\/a><\/p>\n<p class=\" wall-content\">Outre ses mobilisations permanentes sur la place de la Com\u00e9die, \u00e0 Montpellier, avec des centaines de soutiens, Denis Agret avait fait le tour de France lors de sa lutte contre le pass sanitaire, y compris \u00e0 Ajaccio en Corse. Un autre combat se profile pour le m\u00e9decin montpelli\u00e9rain.<\/p>\n<p class=\" wall-content\">Personnalisez votre actualit\u00e9 en ajoutant vos villes et m\u00e9dias en favori avec <a href=\"https:\/\/moncompte.actu.fr\" title=\"D\u00e9couvez Mon Actu\" rel=\"nofollow noopener\" data-trk=\"{&quot;cta&quot;:{&quot;action&quot;:&quot;https:\\\/\\\/moncompte.actu.fr&quot;,&quot;category&quot;:&quot;mon compte&quot;,&quot;from&quot;:&quot;article footer&quot;,&quot;name&quot;:&quot;Mon actu&quot;,&quot;type&quot;:&quot;cta&quot;}}\" target=\"_blank\">Mon Actu<\/a>.<\/p>\n","protected":false},"excerpt":{"rendered":"Par Jean-Marc Aubert Publi\u00e9 le 12 janv. 2026 \u00e0 15h03 Il l\u2019a annonc\u00e9 sur son compte X :&hellip;\n","protected":false},"author":2,"featured_media":659812,"comment_status":"","ping_status":"","sticky":false,"template":"","format":"standard","meta":{"footnotes":""},"categories":[9599],"tags":[1111,11,4400,1777,674,1011,27,2673,2208,12,2680,25,71,104],"class_list":{"0":"post-659811","1":"post","2":"type-post","3":"status-publish","4":"format-standard","5":"has-post-thumbnail","7":"category-montpellier","8":"tag-actu","9":"tag-actualites","10":"tag-covid","11":"tag-eu","12":"tag-europe","13":"tag-fr","14":"tag-france","15":"tag-medecins","16":"tag-montpellier","17":"tag-news","18":"tag-occitanie","19":"tag-republique-francaise","20":"tag-sante","21":"tag-societe"},"share_on_mastodon":{"url":"https:\/\/pubeurope.com\/@fr\/115885749276485217","error":""},"_links":{"self":[{"href":"https:\/\/www.europesays.com\/fr\/wp-json\/wp\/v2\/posts\/659811","targetHints":{"allow":["GET"]}}],"collection":[{"href":"https:\/\/www.europesays.com\/fr\/wp-json\/wp\/v2\/posts"}],"about":[{"href":"https:\/\/www.europesays.com\/fr\/wp-json\/wp\/v2\/types\/post"}],"author":[{"embeddable":true,"href":"https:\/\/www.europesays.com\/fr\/wp-json\/wp\/v2\/users\/2"}],"replies":[{"embeddable":true,"href":"https:\/\/www.europesays.com\/fr\/wp-json\/wp\/v2\/comments?post=659811"}],"version-history":[{"count":0,"href":"https:\/\/www.europesays.com\/fr\/wp-json\/wp\/v2\/posts\/659811\/revisions"}],"wp:featuredmedia":[{"embeddable":true,"href":"https:\/\/www.europesays.com\/fr\/wp-json\/wp\/v2\/media\/659812"}],"wp:attachment":[{"href":"https:\/\/www.europesays.com\/fr\/wp-json\/wp\/v2\/media?parent=659811"}],"wp:term":[{"taxonomy":"category","embeddable":true,"href":"https:\/\/www.europesays.com\/fr\/wp-json\/wp\/v2\/categories?post=659811"},{"taxonomy":"post_tag","embeddable":true,"href":"https:\/\/www.europesays.com\/fr\/wp-json\/wp\/v2\/tags?post=659811"}],"curies":[{"name":"wp","href":"https:\/\/api.w.org\/{rel}","templated":true}]}}