{"id":659813,"date":"2026-01-13T03:49:14","date_gmt":"2026-01-13T03:49:14","guid":{"rendered":"https:\/\/www.europesays.com\/fr\/659813\/"},"modified":"2026-01-13T03:49:14","modified_gmt":"2026-01-13T03:49:14","slug":"mort-dhenri-chambon-visionnaire-charismatique-et-dur-en-affaire-le-fondateur-du-polygone-salue-a-montpellier","status":"publish","type":"post","link":"https:\/\/www.europesays.com\/fr\/659813\/","title":{"rendered":"Mort d\u2019Henri Chambon\u00a0: \u00ab\u00a0Visionnaire\u00a0\u00bb, \u00ab\u00a0charismatique\u00a0\u00bb et \u00ab\u00a0dur en affaire\u00a0\u00bb\u2026 le fondateur du Polygone salu\u00e9 \u00e0 Montpellier"},"content":{"rendered":"<p>\n                                                                Apr\u00e8s l\u2019annonce du d\u00e9c\u00e8s d\u2019Henri Chambon, les hommes se sont multipli\u00e9s pour saluer la m\u00e9moire de l\u2019homme d\u2019affaires, fondateur du Polygone et de la soci\u00e9t\u00e9 immobili\u00e8re Socri, devenue\u00a0Elancia.\n                            <\/p>\n<p>Depuis l\u2019annonce, ce lundi, du d\u00e9c\u00e8s du fondateur du Polygone de Montpellier, les hommages se sont multipli\u00e9s. Henri Chambon s\u2019est \u00e9teint dans la nuit du samedi\u00a010 au dimanche 11\u00a0janvier \u00e0 l\u2019\u00e2ge de 89 ans, laissant derri\u00e8re lui un empire immobilier dont le fleuron reste le centre commercial du centre-ville.<\/p>\n<p><strong><a href=\"https:\/\/www.midilibre.fr\/2026\/01\/12\/henri-chambon-le-pere-du-centre-commercial-polygone-de-montpellier-est-decede-a-lage-de-88-ans-13157111.php\" target=\"_blank\" rel=\"noopener\">LIRE AUSI \u2013 Mort d\u2019Henri Chambon\u00a0: le p\u00e8re du centre commercial Polygone de Montpellier est d\u00e9c\u00e9d\u00e9 \u00e0 l\u2019\u00e2ge de 89 ans<\/a><\/strong><\/p>\n<p>\u00ab\u00a0Le Polygone, la plus belle arme \u00e9conomique\u00a0\u00bb<\/p>\n<p>\u00ab\u00a0C\u2019est un grand homme qui nous a quitt\u00e9s, un homme qui a apport\u00e9 au c\u0153ur de Montpellier sa plus belle arme \u00e9conomique. Si le commerce r\u00e9siste encore un peu, c\u2019est aussi gr\u00e2ce \u00e0 l\u2019attractivit\u00e9 du Polygone, l\u2019une des plus remarquables fr\u00e9quentations de France\u00a0\u00bb, glisse une autre figure du commerce montpelli\u00e9rain, Marcel Salerno.<\/p>\n<p>\u00ab\u00a0Discret mais charismatique\u00a0\u00bb<\/p>\n<p>Le pr\u00e9sident de la CCI de l\u2019H\u00e9rault, Andr\u00e9 Dejarry, salue lui aussi \u00ab\u00a0le visionnaire qui avait compris avant tout le monde qu\u2019un centre commercial dans un c\u0153ur de ville n\u2019\u00e9tait pas une h\u00e9r\u00e9sie.\u00a0\u00bb Homme de d\u00e9fi, toujours pr\u00eat \u00e0 donner son avis \u00e9clair\u00e9 m\u00eame retir\u00e9 des affaires, Henri Chambon laisse au monde \u00e9conomique local le souvenir d\u2019un homme \u00ab\u00a0discret mais extr\u00eamement charismatique\u00a0\u00bb, \u00ab\u00a0dur en affaires\u00a0\u00bb mais aussi \u00ab\u00a0f\u00e9d\u00e9rateur\u00a0\u00bb.<\/p>\n<p>Sur ses r\u00e9seaux sociaux, le maire de Montpellier a rappel\u00e9, saluant la m\u00e9moire d\u2019Henri Chambon, que \u00ab\u00a0Le Polygone qui a plus de 50 ans aujourd\u2019hui fut l\u2019aventure entrepreneuriale de sa vie.\u00a0\u00bb<\/p>\n","protected":false},"excerpt":{"rendered":"Apr\u00e8s l\u2019annonce du d\u00e9c\u00e8s d\u2019Henri Chambon, les hommes se sont multipli\u00e9s pour saluer la m\u00e9moire de l\u2019homme d\u2019affaires,&hellip;\n","protected":false},"author":2,"featured_media":659814,"comment_status":"","ping_status":"","sticky":false,"template":"","format":"standard","meta":{"footnotes":""},"categories":[9599],"tags":[1111,11,33,1777,674,1011,27,7089,2208,12,2680,25],"class_list":{"0":"post-659813","1":"post","2":"type-post","3":"status-publish","4":"format-standard","5":"has-post-thumbnail","7":"category-montpellier","8":"tag-actu","9":"tag-actualites","10":"tag-economie","11":"tag-eu","12":"tag-europe","13":"tag-fr","14":"tag-france","15":"tag-herault","16":"tag-montpellier","17":"tag-news","18":"tag-occitanie","19":"tag-republique-francaise"},"share_on_mastodon":{"url":"https:\/\/pubeurope.com\/@fr\/115885753147998313","error":""},"_links":{"self":[{"href":"https:\/\/www.europesays.com\/fr\/wp-json\/wp\/v2\/posts\/659813","targetHints":{"allow":["GET"]}}],"collection":[{"href":"https:\/\/www.europesays.com\/fr\/wp-json\/wp\/v2\/posts"}],"about":[{"href":"https:\/\/www.europesays.com\/fr\/wp-json\/wp\/v2\/types\/post"}],"author":[{"embeddable":true,"href":"https:\/\/www.europesays.com\/fr\/wp-json\/wp\/v2\/users\/2"}],"replies":[{"embeddable":true,"href":"https:\/\/www.europesays.com\/fr\/wp-json\/wp\/v2\/comments?post=659813"}],"version-history":[{"count":0,"href":"https:\/\/www.europesays.com\/fr\/wp-json\/wp\/v2\/posts\/659813\/revisions"}],"wp:featuredmedia":[{"embeddable":true,"href":"https:\/\/www.europesays.com\/fr\/wp-json\/wp\/v2\/media\/659814"}],"wp:attachment":[{"href":"https:\/\/www.europesays.com\/fr\/wp-json\/wp\/v2\/media?parent=659813"}],"wp:term":[{"taxonomy":"category","embeddable":true,"href":"https:\/\/www.europesays.com\/fr\/wp-json\/wp\/v2\/categories?post=659813"},{"taxonomy":"post_tag","embeddable":true,"href":"https:\/\/www.europesays.com\/fr\/wp-json\/wp\/v2\/tags?post=659813"}],"curies":[{"name":"wp","href":"https:\/\/api.w.org\/{rel}","templated":true}]}}