{"id":659815,"date":"2026-01-13T03:52:23","date_gmt":"2026-01-13T03:52:23","guid":{"rendered":"https:\/\/www.europesays.com\/fr\/659815\/"},"modified":"2026-01-13T03:52:23","modified_gmt":"2026-01-13T03:52:23","slug":"une-manifestation-du-droit-au-logement-attendue","status":"publish","type":"post","link":"https:\/\/www.europesays.com\/fr\/659815\/","title":{"rendered":"une manifestation du Droit au logement attendue"},"content":{"rendered":"<p>Alors que le pr\u00e9sident de Grenoble Alpes M\u00e9tropole Christophe Ferrari pr\u00e9sentera ses v\u0153ux ce mardi soir au Prisme \u00e0 Seyssins, l\u2019association Droit au logement fait savoir qu\u2019elle manifestera.<\/p>\n<p>\u00ab\u00a0Cela fait bient\u00f4t deux mois que des personnes priv\u00e9es de logement <a href=\"https:\/\/www.ledauphine.com\/social\/2026\/01\/10\/isere-grenoble-epidemie-risque-d-incendie-l-occupation-du-siege-de-la-metropole-inquiete\" target=\"_blank\" rel=\"noopener\">occupent le si\u00e8ge de la M\u00e9tropole<\/a> de Grenoble. Malgr\u00e9 quelques avanc\u00e9es et des engagements verbaux, la lutte se heurte \u00e0 l\u2019inertie des pouvoirs publics.\u00a0\u00bb<\/p>\n","protected":false},"excerpt":{"rendered":"Alors que le pr\u00e9sident de Grenoble Alpes M\u00e9tropole Christophe Ferrari pr\u00e9sentera ses v\u0153ux ce mardi soir au Prisme&hellip;\n","protected":false},"author":2,"featured_media":659816,"comment_status":"","ping_status":"","sticky":false,"template":"","format":"standard","meta":{"footnotes":""},"categories":[9566],"tags":[1111,11,2430,112,36284,4188,1777,674,1011,27,329,2731,1061,108,1908,12,316,25,12277,801,104],"class_list":{"0":"post-659815","1":"post","2":"type-post","3":"status-publish","4":"format-standard","5":"has-post-thumbnail","7":"category-grenoble","8":"tag-actu","9":"tag-actualites","10":"tag-auvergne-rhone-alpes","11":"tag-edition-grenoble-agglomeration","12":"tag-elections-metropolitaines","13":"tag-elections-municipales","14":"tag-eu","15":"tag-europe","16":"tag-fr","17":"tag-france","18":"tag-france-monde","19":"tag-grenoble","20":"tag-immigration","21":"tag-isere","22":"tag-logement","23":"tag-news","24":"tag-politique","25":"tag-republique-francaise","26":"tag-seyssins","27":"tag-social","28":"tag-societe"},"share_on_mastodon":{"url":"https:\/\/pubeurope.com\/@fr\/115885765185679073","error":""},"_links":{"self":[{"href":"https:\/\/www.europesays.com\/fr\/wp-json\/wp\/v2\/posts\/659815","targetHints":{"allow":["GET"]}}],"collection":[{"href":"https:\/\/www.europesays.com\/fr\/wp-json\/wp\/v2\/posts"}],"about":[{"href":"https:\/\/www.europesays.com\/fr\/wp-json\/wp\/v2\/types\/post"}],"author":[{"embeddable":true,"href":"https:\/\/www.europesays.com\/fr\/wp-json\/wp\/v2\/users\/2"}],"replies":[{"embeddable":true,"href":"https:\/\/www.europesays.com\/fr\/wp-json\/wp\/v2\/comments?post=659815"}],"version-history":[{"count":0,"href":"https:\/\/www.europesays.com\/fr\/wp-json\/wp\/v2\/posts\/659815\/revisions"}],"wp:featuredmedia":[{"embeddable":true,"href":"https:\/\/www.europesays.com\/fr\/wp-json\/wp\/v2\/media\/659816"}],"wp:attachment":[{"href":"https:\/\/www.europesays.com\/fr\/wp-json\/wp\/v2\/media?parent=659815"}],"wp:term":[{"taxonomy":"category","embeddable":true,"href":"https:\/\/www.europesays.com\/fr\/wp-json\/wp\/v2\/categories?post=659815"},{"taxonomy":"post_tag","embeddable":true,"href":"https:\/\/www.europesays.com\/fr\/wp-json\/wp\/v2\/tags?post=659815"}],"curies":[{"name":"wp","href":"https:\/\/api.w.org\/{rel}","templated":true}]}}