{"id":659819,"date":"2026-01-13T03:54:24","date_gmt":"2026-01-13T03:54:24","guid":{"rendered":"https:\/\/www.europesays.com\/fr\/659819\/"},"modified":"2026-01-13T03:54:24","modified_gmt":"2026-01-13T03:54:24","slug":"chez-terrible-nouveau-bistro-gastronomique-de-rennes-une-cuisine-dinstinct-a-base-de","status":"publish","type":"post","link":"https:\/\/www.europesays.com\/fr\/659819\/","title":{"rendered":"Chez Terrible, nouveau bistro gastronomique de Rennes, \u00ab\u00a0une cuisine d\u2019instinct \u00e0 base de"},"content":{"rendered":"<p>\u00a0L\u2019ouverture de notre restaurant est un marqueur de nombreuses ann\u00e9es d\u2019amiti\u00e9\u00a0, confient Fran\u00e7ois Cochet et Cl\u00e9ment Foucr\u00e9, cog\u00e9rants de la nouvelle adresse\u00a0: Terrible.D\u00e8s nos ann\u00e9es d\u2019\u00e9tudes sup\u00e9rieures \u00e0 Ker Lann, travailler ensemble \u00e9tait une \u00e9vidence.\u00a0 Ils sont mont\u00e9s ensemble \u00e0 Paris chez Pierre Gagnaire, chef triplement \u00e9toil\u00e9 Michelin pour \u00a0vivre une exp\u00e9rience culinaire d\u2019exception\u00a0.<\/p>\n<p>Le nom du lieu, Terrible, est \u00e0 leur image\u00a0: un brin rebelle et un brin impertinent. Dans cet ex-salon de th\u00e9 o\u00f9 les mat\u00e9riaux bruts ont \u00e9t\u00e9 pr\u00e9serv\u00e9s (poutres, pierres, parquet, m\u00e9tal), ils officient en toute transparence dans une cuisine ouverte avec comptoir attenant et pr\u00e8s de trente\u00a0couverts.<\/p>\n<p><strong>Lire aussi\u00a0: <\/strong> <a href=\"https:\/\/rennes.maville.com\/actu\/actudet_-bistrots-cafes-guinguettes-a-rennes-ces-dix-adresses-a-decouvrir-hors-des-sentiers-battus-_52674-6313042_actu.Htm\" target=\"_blank\" rel=\"noopener\">Bistrots, caf\u00e9s, guinguettes \u00e0 Rennes\u00a0: ces dix adresses \u00e0 d\u00e9couvrir hors des sentiers battus<\/a><\/p>\n<p>Une cr\u00e9ativit\u00e9 \u00ab\u00a0sans limite\u00a0\u00bb<\/p>\n<p>Leur priorit\u00e9\u00a0? Une ambiance <a href=\"https:\/\/rennes.maville.com\/actu\/actudet_-carte.-dix-bonnes-adresses-ou-manger-a-rennes-selectionnees-par-le-guide-pur-beurre-_7-6942099_actu.Htm\" target=\"_blank\" rel=\"noopener\">bistro <\/a>et des plats gastronomiques. \u00a0Nous proposons une cuisine d\u2019instinct, changeante \u00e0 base de produits locaux, dans laquelle notre cr\u00e9ativit\u00e9 s\u2019exprime sans limite.\u00a0<\/p>\n<p>Chaque midi, une formule trois\u00a0plats \u00e0 23\u00a0\u20ac est sugg\u00e9r\u00e9e et le soir, une carte courte r\u00e9solument originale. C\u00f4t\u00e9 cave, elle compte 200\u00a0r\u00e9f\u00e9rences de tous les terroirs de France.<\/p>\n<p>Terrible\u00a0: ouvert les lundis et mardis soir, et du mercredi au samedi midi et soir. 11, rue des Portes Mordelaises. T\u00e9l.\u00a002\u00a099\u00a078\u00a025\u00a036.<\/p>\n<p>\u00a0<\/p>\n","protected":false},"excerpt":{"rendered":"\u00a0L\u2019ouverture de notre restaurant est un marqueur de nombreuses ann\u00e9es d\u2019amiti\u00e9\u00a0, confient Fran\u00e7ois Cochet et Cl\u00e9ment Foucr\u00e9, cog\u00e9rants&hellip;\n","protected":false},"author":2,"featured_media":659820,"comment_status":"","ping_status":"","sticky":false,"template":"","format":"standard","meta":{"footnotes":""},"categories":[2821],"tags":[1111,11,16105,76161,829,902,1777,674,1011,27,71512,76162,14917,12,4565,13365,3086,584,25,31581],"class_list":{"0":"post-659819","1":"post","2":"type-post","3":"status-publish","4":"format-standard","5":"has-post-thumbnail","7":"category-rennes","8":"tag-actu","9":"tag-actualites","10":"tag-base","11":"tag-bistro","12":"tag-bretagne","13":"tag-cuisine","14":"tag-eu","15":"tag-europe","16":"tag-fr","17":"tag-france","18":"tag-gastronomique","19":"tag-instinct","20":"tag-locaux","21":"tag-news","22":"tag-nouveau","23":"tag-produits","24":"tag-redon","25":"tag-rennes","26":"tag-republique-francaise","27":"tag-terrible"},"share_on_mastodon":{"url":"https:\/\/pubeurope.com\/@fr\/115885772845703730","error":""},"_links":{"self":[{"href":"https:\/\/www.europesays.com\/fr\/wp-json\/wp\/v2\/posts\/659819","targetHints":{"allow":["GET"]}}],"collection":[{"href":"https:\/\/www.europesays.com\/fr\/wp-json\/wp\/v2\/posts"}],"about":[{"href":"https:\/\/www.europesays.com\/fr\/wp-json\/wp\/v2\/types\/post"}],"author":[{"embeddable":true,"href":"https:\/\/www.europesays.com\/fr\/wp-json\/wp\/v2\/users\/2"}],"replies":[{"embeddable":true,"href":"https:\/\/www.europesays.com\/fr\/wp-json\/wp\/v2\/comments?post=659819"}],"version-history":[{"count":0,"href":"https:\/\/www.europesays.com\/fr\/wp-json\/wp\/v2\/posts\/659819\/revisions"}],"wp:featuredmedia":[{"embeddable":true,"href":"https:\/\/www.europesays.com\/fr\/wp-json\/wp\/v2\/media\/659820"}],"wp:attachment":[{"href":"https:\/\/www.europesays.com\/fr\/wp-json\/wp\/v2\/media?parent=659819"}],"wp:term":[{"taxonomy":"category","embeddable":true,"href":"https:\/\/www.europesays.com\/fr\/wp-json\/wp\/v2\/categories?post=659819"},{"taxonomy":"post_tag","embeddable":true,"href":"https:\/\/www.europesays.com\/fr\/wp-json\/wp\/v2\/tags?post=659819"}],"curies":[{"name":"wp","href":"https:\/\/api.w.org\/{rel}","templated":true}]}}