{"id":659821,"date":"2026-01-13T03:55:28","date_gmt":"2026-01-13T03:55:28","guid":{"rendered":"https:\/\/www.europesays.com\/fr\/659821\/"},"modified":"2026-01-13T03:55:28","modified_gmt":"2026-01-13T03:55:28","slug":"football-division-3-poule-g-egalite-entre-ac-de-rennes-et-us-laille","status":"publish","type":"post","link":"https:\/\/www.europesays.com\/fr\/659821\/","title":{"rendered":"Football &#8211; Division 3 poule G : \u00e9galit\u00e9 entre AC DE RENNES et US LAILLE\u00a0"},"content":{"rendered":"<p>                    A domicile, AC DE RENNES n\u2019a pas pu faire mieux qu\u2019un match nul face \u00e0 US LAILLE (3-3), ce 14 d\u00e9cembre 2025, \u00e0 l&rsquo;occasion de la 9\u00e8me journ\u00e9e du championnat.<\/p>\n<p>                AC DE RENNES conc\u00e8de ainsi son 3\u00e8me match nul de la saison (pour 3 d\u00e9faites et 3 victoires).<\/p>\n<p>                Le club se place au 6\u00e8me rang de Division 3 poule G avec 12 points (-1 de diff\u00e9rence de buts).<\/p>\n<p>                Du c\u00f4t\u00e9 de US LAILLE, ce 3\u00e8me match nul de l\u2019ann\u00e9e (2V, 4D) classe le club en 8\u00e8me position (9 points, -7 de diff\u00e9rence de buts).\u00a0<\/p>\n<p>D\u2019autres rencontres se sont d\u00e9roul\u00e9es lors de cette 9\u00e8me journ\u00e9e : <\/p>\n<ul>\n<li>AS DES TURCS DE L&rsquo;OUEST 3-2 AS COMMUNALE ST ERBLON <\/li>\n<li>AS SAINT JACQUES FOOT 1-5 AS PONT DE BUIS <\/li>\n<li>FOOTBALL CLUB CANTON DU SEL 1-3 Racine Foot Amateur Bretagne <\/li>\n<li>Polign\u00e9 TG 0-3 US ORGERES <\/li>\n<\/ul>\n<p>\u00a0<\/p>\n<p>Au programme de la prochaine journ\u00e9e de championnat, le 12 janvier 2026 : <\/p>\n<p>.<\/p>\n","protected":false},"excerpt":{"rendered":"A domicile, AC DE RENNES n\u2019a pas pu faire mieux qu\u2019un match nul face \u00e0 US LAILLE (3-3),&hellip;\n","protected":false},"author":2,"featured_media":659822,"comment_status":"","ping_status":"","sticky":false,"template":"","format":"standard","meta":{"footnotes":""},"categories":[2821],"tags":[9117,1111,11,829,1777,674,1011,27,12,584,25,76163],"class_list":{"0":"post-659821","1":"post","2":"type-post","3":"status-publish","4":"format-standard","5":"has-post-thumbnail","7":"category-rennes","8":"tag-ac-de-rennes","9":"tag-actu","10":"tag-actualites","11":"tag-bretagne","12":"tag-eu","13":"tag-europe","14":"tag-fr","15":"tag-france","16":"tag-news","17":"tag-rennes","18":"tag-republique-francaise","19":"tag-us-laille"},"share_on_mastodon":{"url":"https:\/\/pubeurope.com\/@fr\/115885777161431551","error":""},"_links":{"self":[{"href":"https:\/\/www.europesays.com\/fr\/wp-json\/wp\/v2\/posts\/659821","targetHints":{"allow":["GET"]}}],"collection":[{"href":"https:\/\/www.europesays.com\/fr\/wp-json\/wp\/v2\/posts"}],"about":[{"href":"https:\/\/www.europesays.com\/fr\/wp-json\/wp\/v2\/types\/post"}],"author":[{"embeddable":true,"href":"https:\/\/www.europesays.com\/fr\/wp-json\/wp\/v2\/users\/2"}],"replies":[{"embeddable":true,"href":"https:\/\/www.europesays.com\/fr\/wp-json\/wp\/v2\/comments?post=659821"}],"version-history":[{"count":0,"href":"https:\/\/www.europesays.com\/fr\/wp-json\/wp\/v2\/posts\/659821\/revisions"}],"wp:featuredmedia":[{"embeddable":true,"href":"https:\/\/www.europesays.com\/fr\/wp-json\/wp\/v2\/media\/659822"}],"wp:attachment":[{"href":"https:\/\/www.europesays.com\/fr\/wp-json\/wp\/v2\/media?parent=659821"}],"wp:term":[{"taxonomy":"category","embeddable":true,"href":"https:\/\/www.europesays.com\/fr\/wp-json\/wp\/v2\/categories?post=659821"},{"taxonomy":"post_tag","embeddable":true,"href":"https:\/\/www.europesays.com\/fr\/wp-json\/wp\/v2\/tags?post=659821"}],"curies":[{"name":"wp","href":"https:\/\/api.w.org\/{rel}","templated":true}]}}