{"id":659824,"date":"2026-01-13T03:57:17","date_gmt":"2026-01-13T03:57:17","guid":{"rendered":"https:\/\/www.europesays.com\/fr\/659824\/"},"modified":"2026-01-13T03:57:17","modified_gmt":"2026-01-13T03:57:17","slug":"enquete-publique-information-euro-strasbourg-creation-perimetre-secteur-lana-match-alsace-bas-rhin-67076","status":"publish","type":"post","link":"https:\/\/www.europesays.com\/fr\/659824\/","title":{"rendered":"Enqu\u00eate publique &#8211; Information &#8211; Euro Strasbourg Cr\u00e9ation p\u00e9rim\u00e8tre secteur Lana Match ( alsace bas-rhin 67076 )"},"content":{"rendered":"<p class=\"catAnnonce\">Enqu\u00eate publique &#8211; Information &gt; Communiqu\u00e9s<\/p>\n<p class=\"lieuAnnonce\">Bas-Rhin<\/p>\n<p class=\"dateAnnonce\">Publi\u00e9 le 13\/01\/2026<\/p>\n<p class=\"refAnnonce\">R\u00e9f\u00e9rence de l&rsquo;annonce: DNA-487165700<\/p>\n<p>      <img decoding=\"async\" class=\"LogoStyle \" src=\"https:\/\/www.europesays.com\/fr\/wp-content\/uploads\/2026\/01\/logoimg-1768243574.jpg\"\/><\/p>\n<p class=\"ALJTIT\">EUROM\u00c9TROPOLE<br \/>DE STRASBOURG<\/p>\n<p class=\"ALJSTI\">Service conduite des projets d&rsquo;am\u00e9nagement<\/p>\n<p class=\"ALJSTI\">Cr\u00e9ation d&rsquo;un p\u00e9rim\u00e8tre de prise en consid\u00e9ration<br \/>sur le secteur Lana Match, situ\u00e9 \u00e0 Strasbourg,<br \/>secteur Robertsau Cit\u00e9 de l&rsquo;Ill<\/p>\n<p>En date du 19 d\u00e9cembre 2025, le Conseil de l&rsquo;Eurom\u00e9tropole de Strasbourg a approuv\u00e9 la cr\u00e9ation d&rsquo;un p\u00e9rim\u00e8tre de prise en consid\u00e9ration d&rsquo;une op\u00e9ration d&rsquo;am\u00e9nagement au titre de l&rsquo;article L. 424-1 du Code de l&rsquo;urbanisme, sur le secteur Lana Match, situ\u00e9 \u00e0 Strasbourg, secteur Robertsau Cit\u00e9 de l&rsquo;Ill.<br \/>Cette d\u00e9lib\u00e9ration et le p\u00e9rim\u00e8tre seront affich\u00e9s au si\u00e8ge de la Ville et de l&rsquo;Eurom\u00e9tropole de Strasbourg durant un mois \u00e0 partir du mardi 13 janvier 2026.<br \/>Ces documents pourront \u00eatre consult\u00e9s au si\u00e8ge de la Ville et de l&rsquo;Eurom\u00e9tropole deStrasbourg &#8211; service Conduite des projets d&rsquo;am\u00e9nagement, aux jours et heures d&rsquo;ouverture.<\/p>\n<p>La Pr\u00e9sidente d\u00e9l\u00e9gu\u00e9e<br \/>de l&rsquo;Eurom\u00e9tropole de Strasbourg<\/p>\n","protected":false},"excerpt":{"rendered":"Enqu\u00eate publique &#8211; Information &gt; Communiqu\u00e9s Bas-Rhin Publi\u00e9 le 13\/01\/2026 R\u00e9f\u00e9rence de l&rsquo;annonce: DNA-487165700 EUROM\u00c9TROPOLEDE STRASBOURG Service conduite&hellip;\n","protected":false},"author":2,"featured_media":659825,"comment_status":"","ping_status":"","sticky":false,"template":"","format":"standard","meta":{"footnotes":""},"categories":[2820],"tags":[1111,11,1777,674,1011,27,775,12,25,640],"class_list":{"0":"post-659824","1":"post","2":"type-post","3":"status-publish","4":"format-standard","5":"has-post-thumbnail","7":"category-strasbourg","8":"tag-actu","9":"tag-actualites","10":"tag-eu","11":"tag-europe","12":"tag-fr","13":"tag-france","14":"tag-grand-est","15":"tag-news","16":"tag-republique-francaise","17":"tag-strasbourg"},"share_on_mastodon":{"url":"https:\/\/pubeurope.com\/@fr\/115885784698376331","error":""},"_links":{"self":[{"href":"https:\/\/www.europesays.com\/fr\/wp-json\/wp\/v2\/posts\/659824","targetHints":{"allow":["GET"]}}],"collection":[{"href":"https:\/\/www.europesays.com\/fr\/wp-json\/wp\/v2\/posts"}],"about":[{"href":"https:\/\/www.europesays.com\/fr\/wp-json\/wp\/v2\/types\/post"}],"author":[{"embeddable":true,"href":"https:\/\/www.europesays.com\/fr\/wp-json\/wp\/v2\/users\/2"}],"replies":[{"embeddable":true,"href":"https:\/\/www.europesays.com\/fr\/wp-json\/wp\/v2\/comments?post=659824"}],"version-history":[{"count":0,"href":"https:\/\/www.europesays.com\/fr\/wp-json\/wp\/v2\/posts\/659824\/revisions"}],"wp:featuredmedia":[{"embeddable":true,"href":"https:\/\/www.europesays.com\/fr\/wp-json\/wp\/v2\/media\/659825"}],"wp:attachment":[{"href":"https:\/\/www.europesays.com\/fr\/wp-json\/wp\/v2\/media?parent=659824"}],"wp:term":[{"taxonomy":"category","embeddable":true,"href":"https:\/\/www.europesays.com\/fr\/wp-json\/wp\/v2\/categories?post=659824"},{"taxonomy":"post_tag","embeddable":true,"href":"https:\/\/www.europesays.com\/fr\/wp-json\/wp\/v2\/tags?post=659824"}],"curies":[{"name":"wp","href":"https:\/\/api.w.org\/{rel}","templated":true}]}}