{"id":659835,"date":"2026-01-13T04:04:11","date_gmt":"2026-01-13T04:04:11","guid":{"rendered":"https:\/\/www.europesays.com\/fr\/659835\/"},"modified":"2026-01-13T04:04:11","modified_gmt":"2026-01-13T04:04:11","slug":"quand-les-macronistes-de-haute%e2%80%90garonne-pantouflent-a-soliha-31","status":"publish","type":"post","link":"https:\/\/www.europesays.com\/fr\/659835\/","title":{"rendered":"Quand les macronistes de Haute\u2010Garonne pantouflent \u00e0 Soliha 31"},"content":{"rendered":"<p>Le 14 novembre 2025, Jean\u2010Luc Moudenc pr\u00e9sentait \u00e0 la presse Guillaume Duval, son premier colistier aux prochaines \u00e9lections municipales. Ce \u00ab\u202fcommer\u00e7ant dans l\u2019\u00e2me\u202f\u00bb, selon les mots de l\u2019actuel maire de Toulouse, a dirig\u00e9 plusieurs caf\u00e9s et boulangeries avant de devenir directeur de la f\u00e9d\u00e9ration des associations de commer\u00e7ants toulousains, entre 2021 et\u00a02023.<\/p>\n<p>Nomm\u00e9 pr\u00e9sident de cette f\u00e9d\u00e9ration entre 2023 et 2025, c\u2019est dans un autre secteur qu\u2019il est alors all\u00e9 gagner sa vie\u00a0: l\u2019\u00e9conomie sociale et solidaire et l\u2019aide au logement. En septembre 2023, Guillaume Duval a en effet \u00e9t\u00e9 recrut\u00e9 comme responsable du d\u00e9veloppement chez Soliha Haute\u2010Garonne, une association nationale aidant les personnes d\u00e9favoris\u00e9es \u00e0 acc\u00e9der \u00e0 un logement.<\/p>\n<p>Deux ans plus tard,<a href=\"https:\/\/www.mediacites.fr\/enquete\/toulouse\/2025\/10\/13\/pourquoi-soliha-haute-garonne-est-en-redressement-judiciaire\/\" target=\"_blank\" rel=\"noopener\"> l\u2019association a \u00e9t\u00e9 plac\u00e9e en redressement judiciaire<\/a>. Et pour de nombreux salari\u00e9s de Soliha dont l\u2019emploi est aujourd\u2019hui menac\u00e9, le colistier de Jean\u2010Luc Moudenc est l\u2019un des symboles de la gestion financi\u00e8re hasardeuse de la structure depuis l\u2019arriv\u00e9e de Pierre Cast\u00e9ras aux manettes, en ao\u00fbt\u00a02022.<\/p>\n<p>Sous sa responsabilit\u00e9, la masse salariale de Soliha Haute\u2010Garonne a bondi de 19 % entre 2023 et 2024. Selon la pr\u00e9sentation des principaux indicateurs financiers de 2024, r\u00e9alis\u00e9e par le cabinet G\u00e9n\u00e9rations, le \u00ab\u202ftaux de charges sociales\u202f\u00bb est pass\u00e9 de 42 \u00e0 46 %. \u00ab\u202fCet indicateur montre que l\u2019augmentation de la masse salariale est due \u00e0 celle des hauts salaires. C\u2019est un niveau tr\u00e8s haut pour une association\u202f\u00bb, t\u00e9moigne un dirigeant du secteur.<\/p>\n<p>De fait, le directeur de Soliha 31 a multipli\u00e9 les recrutements et cr\u00e9ations de postes de cadres destin\u00e9s \u00e0 ses amis et camarades. Interrog\u00e9 sur sa politique RH, Pierre Cast\u00e9ras s\u2019est content\u00e9 de r\u00e9pondre que \u00ab\u202fl\u2019association fait l\u2019objet d\u2019accompagnement, d\u2019\u00e9valuation, d\u2019audit et de contr\u00f4le qui ont donn\u00e9 quitus \u00e0 la gouvernance et \u00e0 la direction. Quant \u00e0 la proc\u00e9dure de redressement judiciaire, elle constitue \u2013 nul ne l\u2019ignore \u2013 un cadre de protection qui impose des droits et des devoirs\u202f; l\u2019administrateur et la mandataire en sont les garants\u202f\u00bb.\u00a0Il n\u2019a pas donn\u00e9 suite aux autres questions envoy\u00e9es par Mediacit\u00e9s.<br \/>Un eldorado macroniste<br \/>Et pourtant, certains hasards intriguent \u2013 et agacent \u2013 au sein de l\u2019association. En 2023, quand Guillaume Duval pose ses valises \u00e0 Soliha Haute\u2010Garonne, c\u2019est Sandrine Rossignol, l\u2019\u00e9pouse de Pierre Cast\u00e9ras, qui succ\u00e8de au poste de directeur de la f\u00e9d\u00e9ration des commer\u00e7ants.\u00a0<\/p>\n<p>Guillaume Duval r\u00e9fute tout arrangement. \u00ab\u202fMadame Rossignol avait d\u00e9j\u00e0 postul\u00e9 au poste de directeur lorsque j\u2019ai \u00e9t\u00e9 recrut\u00e9 en 2021, elle a naturellement repostul\u00e9 lorsque nous avons r\u00e9ouvert le poste, et \u00e9t\u00e9 recrut\u00e9e par une commission de recrutement dont je ne faisais pas partie\u202f\u00bb, assure celui qui, en tant que pr\u00e9sident de la f\u00e9d\u00e9ration des commer\u00e7ants \u2013 et devenu le patron de la femme de son propre patron.<\/p>\n<p>Pourquoi avoir rejoint Soliha, alors qu\u2019il n\u2019avait jusqu\u2019ici jamais montr\u00e9 d\u2019app\u00e9tence pour le secteur social\u202f? \u00ab\u202fJ\u2019ai eu l\u2019opportunit\u00e9 de me mettre au service d\u2019un mouvement associatif d\u2019accompagnement de personnes vuln\u00e9rables vers et dans le logement, gr\u00e2ce \u00e0 mes comp\u00e9tences professionnelles, notamment dans l\u2019immobilier\u202f\u00bb, d\u00e9taille\u2010t\u2010il, avant de poursuivre\u00a0: \u00ab\u202fEt c\u2019est fort de mes exp\u00e9riences que j\u2019ai \u2026<\/p>\n<p>Nous vous offrons l\u2019acc\u00e8s \u00e0 cet article<\/p>\n<p>Et \u00e0 toutes nos enqu\u00eates pendant deux jours\u00a0\u00a0! <br \/>Oui, on est g\u00e9n\u00e9reux \ud83d\ude09 Mais pensez aussi \u00e0 <a href=\"https:\/\/www.mediacites.fr\/sabonner\/\" target=\"_blank\" style=\"color:#fff\" rel=\"noopener\">vous abonner<\/a>\u00a0\u00a0!<\/p>\n<p>\t\tEn renseignant votre adresse, vous acceptez nos <a href=\"https:\/\/www.mediacites.fr\/conditions-generales-d-utilisation\/\" target=\"_blank\" rel=\"noopener\">conditions g\u00e9n\u00e9rales d\u2019utilisation<\/a>. <br \/>Mediacit\u00e9s s\u2019engage \u00e0 ne pas c\u00e9der votre adresse \u00e0 des tiers. En cas d\u2019\u00e9chec, \u00e9crivez \u00e0 <a href=\"https:\/\/www.mediacites.fr\/enquete\/toulouse\/2026\/01\/12\/quand-les-macronistes-de-haute-garonne-pantouflent-a-soliha-31\/mailto:contact@mediacites.fr\" target=\"_blank\" rel=\"noopener\">contact@mediacites.fr<\/a><\/p>\n<ul>\n<li>J\u2019acc\u00e8de aux 4 \u00e9ditions de Mediacit\u00e9s (Lille, Lyon, Nantes et Toulouse)<\/li>\n<li>Je d\u00e9couvre un m\u00e9dia 100 % ind\u00e9pendant, avec 0 % de publicit\u00e9<\/li>\n<\/ul>\n<p>Envie de lire la\u00a0suite\u202f?<\/p>\n<p>Depuis neuf ans, Mediacit\u00e9s enqu\u00eate en toute ind\u00e9pendance dans votre ville. Gr\u00e2ce \u00e0 ses lecteurs\u202f! Abonnez\u2010vous pour ne rien manquer de nos enqu\u00eates, suivre les \u00e9lections municipales et soutenir un journal local d\u2019investigation.<\/p>\n<ul>\n<li>Acc\u00e8s aux 4 \u00e9ditions de Mediacit\u00e9s (Lille, Lyon, Nantes et Toulouse)<\/li>\n<li>100 % ind\u00e9pendant, avec 0 % de publicit\u00e9<\/li>\n<li>R\u00e9siliation facile \u00e0 tout moment<\/li>\n<\/ul>\n<p>Mediacit\u00e9s offre l\u2019acc\u00e8s \u00e0 cet article aux lecteurs de News2Com<\/p>\n<p>Et \u00e0 toutes nos enqu\u00eates pendant deux jours\u00a0\u00a0! <br \/>Oui, on est g\u00e9n\u00e9reux \ud83d\ude09 Mais pensez aussi \u00e0 <a href=\"https:\/\/www.mediacites.fr\/sabonner\/\" target=\"_blank\" style=\"color:#fff\" rel=\"noopener\">vous abonner<\/a>\u00a0\u00a0!<\/p>\n<p>\t\tEn renseignant votre adresse, vous acceptez nos <a href=\"https:\/\/www.mediacites.fr\/conditions-generales-d-utilisation\/\" target=\"_blank\" rel=\"noopener\">conditions g\u00e9n\u00e9rales d\u2019utilisation<\/a>. <br \/>Mediacit\u00e9s s\u2019engage \u00e0 ne pas c\u00e9der votre adresse \u00e0 des tiers. En cas d\u2019\u00e9chec, \u00e9crivez \u00e0 <a href=\"https:\/\/www.mediacites.fr\/enquete\/toulouse\/2026\/01\/12\/quand-les-macronistes-de-haute-garonne-pantouflent-a-soliha-31\/mailto:contact@mediacites.fr\" target=\"_blank\" rel=\"noopener\">contact@mediacites.fr<\/a><\/p>\n<ul>\n<li>J\u2019acc\u00e8de aux 4 \u00e9ditions de Mediacit\u00e9s (Lille, Lyon, Nantes et Toulouse)<\/li>\n<li>Je d\u00e9couvre un m\u00e9dia 100 % ind\u00e9pendant, avec 0 % de publicit\u00e9<\/li>\n<\/ul>\n","protected":false},"excerpt":{"rendered":"Le 14 novembre 2025, Jean\u2010Luc Moudenc pr\u00e9sentait \u00e0 la presse Guillaume Duval, son premier colistier aux prochaines \u00e9lections&hellip;\n","protected":false},"author":2,"featured_media":659836,"comment_status":"","ping_status":"","sticky":false,"template":"","format":"standard","meta":{"footnotes":""},"categories":[2816],"tags":[1111,11,76164,76165,76166,1067,1777,674,1011,27,40669,12,2680,3370,25,76167,76168,2312],"class_list":{"0":"post-659835","1":"post","2":"type-post","3":"status-publish","4":"format-standard","5":"has-post-thumbnail","7":"category-toulouse","8":"tag-actu","9":"tag-actualites","10":"tag-casteras","11":"tag-cognard","12":"tag-en-marche","13":"tag-enquete","14":"tag-eu","15":"tag-europe","16":"tag-fr","17":"tag-france","18":"tag-macronie","19":"tag-news","20":"tag-occitanie","21":"tag-renaissance","22":"tag-republique-francaise","23":"tag-soliha","24":"tag-soliha-31","25":"tag-toulouse"},"share_on_mastodon":{"url":"https:\/\/pubeurope.com\/@fr\/115885812409637433","error":""},"_links":{"self":[{"href":"https:\/\/www.europesays.com\/fr\/wp-json\/wp\/v2\/posts\/659835","targetHints":{"allow":["GET"]}}],"collection":[{"href":"https:\/\/www.europesays.com\/fr\/wp-json\/wp\/v2\/posts"}],"about":[{"href":"https:\/\/www.europesays.com\/fr\/wp-json\/wp\/v2\/types\/post"}],"author":[{"embeddable":true,"href":"https:\/\/www.europesays.com\/fr\/wp-json\/wp\/v2\/users\/2"}],"replies":[{"embeddable":true,"href":"https:\/\/www.europesays.com\/fr\/wp-json\/wp\/v2\/comments?post=659835"}],"version-history":[{"count":0,"href":"https:\/\/www.europesays.com\/fr\/wp-json\/wp\/v2\/posts\/659835\/revisions"}],"wp:featuredmedia":[{"embeddable":true,"href":"https:\/\/www.europesays.com\/fr\/wp-json\/wp\/v2\/media\/659836"}],"wp:attachment":[{"href":"https:\/\/www.europesays.com\/fr\/wp-json\/wp\/v2\/media?parent=659835"}],"wp:term":[{"taxonomy":"category","embeddable":true,"href":"https:\/\/www.europesays.com\/fr\/wp-json\/wp\/v2\/categories?post=659835"},{"taxonomy":"post_tag","embeddable":true,"href":"https:\/\/www.europesays.com\/fr\/wp-json\/wp\/v2\/tags?post=659835"}],"curies":[{"name":"wp","href":"https:\/\/api.w.org\/{rel}","templated":true}]}}