{"id":659837,"date":"2026-01-13T04:05:24","date_gmt":"2026-01-13T04:05:24","guid":{"rendered":"https:\/\/www.europesays.com\/fr\/659837\/"},"modified":"2026-01-13T04:05:24","modified_gmt":"2026-01-13T04:05:24","slug":"expo-festivals-concerts-les-evenements-majeurs-a-ne-pas-rater-a-toulouse-en-2026","status":"publish","type":"post","link":"https:\/\/www.europesays.com\/fr\/659837\/","title":{"rendered":"Expo, festivals, concerts&#8230; Les \u00e9v\u00e9nements majeurs \u00e0 ne pas rater \u00e0 Toulouse en 2026"},"content":{"rendered":"<p><strong>\u00c9lections municipales, concerts \u00e9v\u00e9nement, festivals incontournables, grandes expositions\u2026 L\u2019ann\u00e9e 2026 s\u2019annonce particuli\u00e8rement riche \u00e0 Toulouse. Tour d\u2019horizon des \u00e9v\u00e9nements majeurs \u00e0 ne surtout pas manquer.<\/strong><\/p>\n<p>Les \u00e9lections municipales \u00e0 Toulouse<\/p>\n<p><img fetchpriority=\"high\" decoding=\"async\" width=\"1200\" height=\"577\" src=\"https:\/\/www.europesays.com\/fr\/wp-content\/uploads\/2026\/01\/Municipales.jpg\" alt=\"\u00e9v\u00e9nements\"  \/><\/p>\n<p>Les Municipales feront partie des \u00e9v\u00e9nements marquants de 2026 \u00a9 FreeProd \/ Depositphotos.com<\/p>\n<p><strong>L\u2019ann\u00e9e 2026 sera, avant tout, marqu\u00e9e par les \u00e9lections municipales<\/strong>. Celles-ci auront lieu les 15 et 22 mars prochains. La ville de Toulouse aura-t-elle un nouveau maire ? Ou <a href=\"https:\/\/www.lejournaltoulousain.fr\/occitanie\/haute-garonne\/toulouse\/impots-mutuelle-jean-luc-moudenc-promet-pouvoir-achat-toulouse-356450\/\" target=\"_blank\" rel=\"noopener\"><strong>Jean-Luc Moudenc<\/strong>, candidat \u00e0 sa r\u00e9\u00e9lection<\/a>, restera-t-il \u00e0 sa t\u00eate pour un troisi\u00e8me mandat cons\u00e9cutif ? <br \/><strong>Fran\u00e7ois Brian\u00e7on<\/strong>, chef de file de la <a href=\"https:\/\/www.lejournaltoulousain.fr\/occitanie\/haute-garonne\/toulouse\/municipales-toulouse-premieres-promesses-campagne-gauche-unie-hors-lfi-348548\/\" target=\"_blank\" rel=\"noopener\">liste d\u2019union de la gauche \u201cVivre mieux\u201d<\/a>, compte bien lui prendre sa place. Il en est de m\u00eame pour <strong>Fran\u00e7ois Piquemal<\/strong>. Le d\u00e9put\u00e9 de la 4e circonscription <a href=\"https:\/\/www.lejournaltoulousain.fr\/occitanie\/haute-garonne\/toulouse\/sortir-toulouse-bouchons-vegetaliser-promet-programme-rupture-lfi-356062\/\" target=\"_blank\" rel=\"noopener\">conduit la liste de La France insoumise et de ses alli\u00e9s \u201cDemain Toulouse\u201d<\/a>. Et ce ne sont pas les seules listes \u00e0 gauche : <strong><a href=\"https:\/\/www.lejournaltoulousain.fr\/occitanie\/haute-garonne\/toulouse\/municipales-toulouse-revolution-permanente-lance-course-capitole-345577\/\" target=\"_blank\" rel=\"noopener\">R\u00e9volution Permanente<\/a><\/strong>\u00a0et <strong><a href=\"https:\/\/www.instagram.com\/npa_revo_toulouse\/\" target=\"_blank\" rel=\"noopener\">NPA-R\u00e9volutionnaires<\/a><\/strong> ont \u00e9galement pr\u00e9sent\u00e9 leurs t\u00eates de liste respectives. <br \/>Du c\u00f4t\u00e9 de l\u2019extr\u00eame droite, le\u00a0d\u00e9put\u00e9 europ\u00e9en\u00a0<a href=\"https:\/\/www.facebook.com\/JulienLeonardelliRN\/?locale=fr_FR\" target=\"_blank\" rel=\"noopener\"><strong>Julien Leonardelli<\/strong><\/a>\u00a0sera le candidat\u00a0du Rassemblement national et <a href=\"https:\/\/reconquete-toulouse.fr\/\" target=\"_blank\" rel=\"noopener\"><strong>Arthur Cottrel<\/strong>\u00a0de Reconqu\u00eate<\/a>.<br \/>Enfin, <a href=\"https:\/\/www.toulouse-nouvel-air.fr\/\" target=\"_blank\" rel=\"noopener\">le collectif citoyen <strong>\u201cNouvel Air\u201d<\/strong><\/a>, soutenu par le parti \u00c9quinoxe, s\u2019engage dans les \u00e9lections, tout comme <a href=\"https:\/\/www.lejournaltoulousain.fr\/occitanie\/haute-garonne\/toulouse\/nouveau-candidat-municipales-toulouse-veut-renommer-ville-343926\/\" target=\"_blank\" rel=\"noopener\"><strong>Pierre Pezzin<\/strong>, candidat ind\u00e9pendant<\/a>. <\/p>\n<p>Cinq concerts de Bigflo et Oli au Z\u00e9nith<\/p>\n<blockquote class=\"instagram-media\" data-instgrm-captioned=\"\" data-instgrm-permalink=\"https:\/\/www.instagram.com\/p\/DSSsJZ5DAt9\/?utm_source=ig_embed&amp;utm_campaign=loading\" data-instgrm-version=\"14\" style=\" background:#FFF; border:0; border-radius:3px; box-shadow:0 0 1px 0 rgba(0,0,0,0.5),0 1px 10px 0 rgba(0,0,0,0.15); margin: 1px; max-width:540px; min-width:326px; padding:0; width:99.375%; width:-webkit-calc(100% - 2px); width:calc(100% - 2px);\"\/>\n<p>Les fans toulousains de Biglo et Oli vont \u00eatre g\u00e2t\u00e9s cette ann\u00e9e. Et ce n\u2019est rien de le dire. Les deux fr\u00e8res rappeurs vont en effet assurer pas moins de <strong>cinq concerts au Z\u00e9nith de Toulouse<\/strong> en 2026 pour commencer leur nouvelle tourn\u00e9e. Et ce, 10 ans apr\u00e8s le premier. Si ce n\u2019est pas d\u00e9j\u00e0 fait, notez les dates des vendredi 17, samedi 18, dimanche et 19 avril et les jeudi 14 et vendredi 15 mai dans vos agendas. \u00c0 l\u2019heure o\u00f9 sont \u00e9crites ces lignes, <a href=\"https:\/\/zenith-toulousemetropole.com\/shows\/BIGFLO%20%26%20OLI-21673\" target=\"_blank\" rel=\"noopener\">il reste des places pour chacun de ces cinq concerts<\/a>. Mais ne tardez pas \u00e0 r\u00e9server vos billets, si vous voulez \u00eatre certain de pouvoir applaudir le duo sur sc\u00e8ne.<\/p>\n<p>Le Stadium ouvre ses portes aux Violettes<\/p>\n<p><img loading=\"lazy\" decoding=\"async\" width=\"1200\" height=\"797\" src=\"https:\/\/www.europesays.com\/fr\/wp-content\/uploads\/2026\/01\/Depositphotos_666806194_XL.jpg\" alt=\"Football f\u00e9minin : Toulouse M\u00e9tropole ouvre le Stadium aux joueuses du TFC\"  \/><\/p>\n<p>Le Stadium accueillera les joueuses du TFC pour plusieurs matchs en 2026 \u00a9 spech \/ Depositphotos.com<\/p>\n<p><a href=\"https:\/\/www.lejournaltoulousain.fr\/occitanie\/haute-garonne\/toulouse\/football-feminin-toulouse-metropole-ouvre-stadium-joueuses-tfc-354691\/\" target=\"_blank\" rel=\"noopener\">On vous l\u2019avait annonc\u00e9<\/a>. L\u2019\u00e9quipe f\u00e9minine du Toulouse Football Club pourra <strong>disputer quatre matchs sur la pelouse d\u2019honneur du Stadium<\/strong> en 2026. Et ce, sans frais suppl\u00e9mentaires. Une d\u00e9cision qui a \u00e9t\u00e9 act\u00e9e lors du Conseil de la M\u00e9tropole du 18 d\u00e9cembre dernier pour \u00ab accompagner sa mont\u00e9e en Seconde Ligue et soutenir sa structuration professionnelle \u00bb. Dans le d\u00e9tail, deux rencontres sont pr\u00e9vues en f\u00e9vrier et mars 2026 et deux autres se tiendront en marge des matchs de Ligue 1 masculine. Quatre rendez-vous que les supporters des Violettes ne doivent pas manquer !<\/p>\n<p>La r\u00e9ouverture de la Cin\u00e9math\u00e8que<\/p>\n<p>Bonne nouvelle pour les cin\u00e9philes. La Cin\u00e9math\u00e8que de Toulouse, ferm\u00e9e depuis la fin de l\u2019\u00e9t\u00e9 2024 pour travaux, va rouvrir ses portes dans quelques mois. Elle <strong>accueillera effectivement de nouveau du public en avril prochain<\/strong> lors d\u2019un grand week-end de f\u00eate. Ainsi, les 10, 11 et 12 avril, projections et animations gratuites en continu vous attendent au sein du lieu qui aura profit\u00e9 d\u2019<a href=\"https:\/\/www.lejournaltoulousain.fr\/occitanie\/haute-garonne\/toulouse\/renovation-cinematheque-toulouse-reinvente-286010\/\" target=\"_blank\" rel=\"noopener\">importants travaux de r\u00e9am\u00e9nagement<\/a>. Dans le d\u00e9tail, la Cin\u00e9math\u00e8que sera, \u00e0 sa r\u00e9ouverture, dot\u00e9e d\u2019une troisi\u00e8me salle de cin\u00e9ma de 100 places. Celle-ci se trouvera dans la chapelle qui abrite aujourd\u2019hui la biblioth\u00e8que. Son porche d\u2019entr\u00e9e et ses espaces d\u2019accueil et d\u2019exposition ont \u00e9galement \u00e9t\u00e9 am\u00e9lior\u00e9s.<\/p>\n<p>Les cinq ans du Rose Festival<\/p>\n<blockquote class=\"instagram-media\" data-instgrm-captioned=\"\" data-instgrm-permalink=\"https:\/\/www.instagram.com\/p\/DSFvns1iKZY\/?utm_source=ig_embed&amp;utm_campaign=loading\" data-instgrm-version=\"14\" style=\" background:#FFF; border:0; border-radius:3px; box-shadow:0 0 1px 0 rgba(0,0,0,0.5),0 1px 10px 0 rgba(0,0,0,0.15); margin: 1px; max-width:540px; min-width:326px; padding:0; width:99.375%; width:-webkit-calc(100% - 2px); width:calc(100% - 2px);\"\/>\n<p>Cette ann\u00e9e, le Rose Festival, imagin\u00e9 et lanc\u00e9 en 2022 par le duo toulousain Bigflo et Oli, <a href=\"https:\/\/www.lejournaltoulousain.fr\/occitanie\/haute-garonne\/toulouse\/aya-nakamura-dj-snake-macklemore-tete-affiche-5-ans-rose-festival-352370\/\" target=\"_blank\" rel=\"noopener\">c\u00e9l\u00e8bre ses cinq ans<\/a>. Et c\u2019est une \u00e9dition ambitieuse qu\u2019il proposera du 27 au 29 ao\u00fbt 2026 au MEETT, transform\u00e9 pour l\u2019occasion en v\u00e9ritable f\u00eate foraine avec attractions, jeux et d\u00e9cors immersifs\u2026 En effet, parmi les t\u00eates d\u2019affiche d\u00e9j\u00e0 annonc\u00e9es, on retrouve <strong>Aya Nakamura<\/strong>,\u00a0<strong>DJ Snake<\/strong> ou encore <strong>Macklemore<\/strong>. Seront aussi pr\u00e9sents sur l\u2019une des quatre sc\u00e8nes du festival la chanteuse canadienne\u00a0<strong>Charlotte Cardin<\/strong>, les rappeurs\u00a0<strong>Josman<\/strong> et\u00a0<strong>Ino Casablanca<\/strong>, le DJ\u00a0<strong>Kungs<\/strong> et\u00a0la chanteuse belge <strong>Iliona<\/strong>. D\u2019autres noms d\u2019artistes confirm\u00e9s ou talents \u00e9mergents devraient \u00eatre prochainement annonc\u00e9s. <\/p>\n<p>Joan Miro s\u2019expose aux Abattoirs\u00a0<\/p>\n<p><img loading=\"lazy\" decoding=\"async\" width=\"1200\" height=\"787\" src=\"https:\/\/www.europesays.com\/fr\/wp-content\/uploads\/2026\/01\/Les-Abattoirs.jpg\" alt=\"\"  \/><\/p>\n<p>Joan Mir\u00f3 aura le droit \u00e0 une grande exposition aux Abattoirs \u00a9 les Abattoirs, Mus\u00e9e \u2013 Frac Occitanie Toulouse, 2020 ; photographe : Damien Aspe<\/p>\n<p>C\u2019est une expo \u00e0 ne pas manquer. Si le mus\u00e9e des Abattoirs consacre actuellement une grande exposition au cr\u00e9ateur de mode Jean-Charles de Castelbajac \u201cL\u2019Imagination au pouvoir\u201d, qui regroupe pr\u00e8s de 300 \u0153uvres, v\u00eatements, objets de design, dessins et photographies, il accueillera, \u00e0 la fin de l\u2019ann\u00e9e 2026, le travail d\u2019un autre artiste. Il s\u2019agit de <strong>Joan Mir\u00f3<\/strong>. Comme Niki de Saint Phalle et Giacometti, le peintre, sculpteur, graveur et c\u00e9ramiste catalan aura donc aussi le droit \u00e0 une grande exposition au sein de l\u2019institution culturelle d\u2019art moderne et contemporain. Et ce, du 2 octobre 2026 au 7 mars 2027. <\/p>\n<p>Le Cin\u00e9ma ABC\u00a0f\u00eate ses 60 ans<\/p>\n<p>60 ans \u00ab d\u2019un cin\u00e9ma ind\u00e9pendant, vivant et engag\u00e9 \u00bb, \u00e7a se f\u00eate ! Le <strong>Cin\u00e9ma ABC, qui s\u2019est r\u00e9cemment transform\u00e9 e<strong>n\u00a0Soci\u00e9t\u00e9 coop\u00e9rative<\/strong> et participative (SCOP) soufflera sa soixanti\u00e8me bougie<\/strong>, en 2026. Et ce n\u2019est pas un, mais quatre jours de c\u00e9l\u00e9brations qui se pr\u00e9parent. Ainsi, les jeudi 12, vendredi 13, samedi 14 et dimanche 15 f\u00e9vrier, vous pourrez profiter de rencontres, d\u2019avant-premi\u00e8res, d\u2019animations et aussi d\u2019ap\u00e9ros. Le Cin\u00e9ma ABC promet \u00ab un moment festif, convivial et de qualit\u00e9 pour\u00a0c\u00e9l\u00e9brer le cin\u00e9ma avec les spectateurs \u00bb.<\/p>\n<p>Le Week-end des Curiosit\u00e9s devient CTRL+F<\/p>\n<blockquote class=\"instagram-media\" data-instgrm-captioned=\"\" data-instgrm-permalink=\"https:\/\/www.instagram.com\/p\/DRz4besjLow\/?utm_source=ig_embed&amp;utm_campaign=loading\" data-instgrm-version=\"14\" style=\" background:#FFF; border:0; border-radius:3px; box-shadow:0 0 1px 0 rgba(0,0,0,0.5),0 1px 10px 0 rgba(0,0,0,0.15); margin: 1px; max-width:540px; min-width:326px; padding:0; width:99.375%; width:-webkit-calc(100% - 2px); width:calc(100% - 2px);\"\/>\n<p>Vous \u00eates un habitu\u00e9 du Week-end des Curiosit\u00e9s ? En 2026, l\u2019\u00e9v\u00e9nement change de nom pour devenir <strong>CTRL+F<\/strong>. Mais le principe reste le m\u00eame : rendre accessible la d\u00e9couverte musicale et mettre en lumi\u00e8re les talents de demain. Le festival, ainsi dot\u00e9 d\u2019une toute nouvelle identit\u00e9, se tiendra les vendredi 29, samedi 30 et dimanche 31 mai au Bikini. De premiers noms ont d\u00e9j\u00e0 \u00e9t\u00e9 d\u00e9voil\u00e9s : la chanteuse de techno-pop <strong>Camille Yembe<\/strong>, la drag queen <strong>Piche<\/strong>, le rappeur <strong>Romsii<\/strong>, le chanteur <strong>Sam Sauvage<\/strong> et le boys band bordelais <strong>Web<\/strong>. <\/p>\n<p>Le mus\u00e9e Saint-Raymond rouvre aussi <\/p>\n<p>Ferm\u00e9 depuis d\u00e9but novembre, <strong>le mus\u00e9e Saint-Raymond va rouvrir au printemps prochain<\/strong>. Une fermeture temporaire pour cause de travaux. En effet, son syst\u00e8me de ventilation, de climatisation et de chauffage avait besoin d\u2019une r\u00e9novation. Lors de ces travaux, des am\u00e9nagements seront \u00e9galement r\u00e9alis\u00e9s pour rendre la cour plus accessible \u00e0 tous et l\u2019\u00e9clairage ext\u00e9rieur sera am\u00e9lior\u00e9. \u00c0 sa r\u00e9ouverture, pr\u00e9vue fin mars \u2013 d\u00e9but avril, le mus\u00e9e d\u2019arch\u00e9ologie de Toulouse proposera une toute nouvelle exposition \u201cGaulois, mais Romains ! Chefs-d\u2019\u0153uvre du mus\u00e9e d\u2019Arch\u00e9ologie nationale\u201d, en provenance du mus\u00e9e de la Romanit\u00e9 de N\u00eemes.<\/p>\n<p>La 31e \u00e9dition de Rio Loco<\/p>\n<p>Apr\u00e8s une \u00e9dition anniversaire en 2025, le festival de musiques actuelles et du monde Rio Loco fera son grand retour sur la prairie des Filtres du 10 au 14 juin 2026. Cette ann\u00e9e, il aura pour th\u00e8me \u201cInsulae\u201d. Le festival mettra ainsi \u00e0 l\u2019honneur <strong>les cultures et musiques insulaires<\/strong> durant cinq jours. La programmation de ce \u00ab nouveau voyage musical \u00bb n\u2019a, pour le moment, pas \u00e9t\u00e9 d\u00e9voil\u00e9e. Mais, une chose est s\u00fbre, la prairie des Filtres va encore une fois vibrer en 2026. <\/p>\n<p><script async src=\"\/\/www.instagram.com\/embed.js\"><\/script><\/p>\n","protected":false},"excerpt":{"rendered":"\u00c9lections municipales, concerts \u00e9v\u00e9nement, festivals incontournables, grandes expositions\u2026 L\u2019ann\u00e9e 2026 s\u2019annonce particuli\u00e8rement riche \u00e0 Toulouse. Tour d\u2019horizon des&hellip;\n","protected":false},"author":2,"featured_media":659838,"comment_status":"","ping_status":"","sticky":false,"template":"","format":"standard","meta":{"footnotes":""},"categories":[2816],"tags":[1111,11,76169,1777,674,12176,3337,1011,27,12,2680,25,2312],"class_list":{"0":"post-659837","1":"post","2":"type-post","3":"status-publish","4":"format-standard","5":"has-post-thumbnail","7":"category-toulouse","8":"tag-actu","9":"tag-actualites","10":"tag-concertsu2026-les-u00e9vu00e9nements-majeurs-u00e0-ne-surtout-pas-rater-u00e0-toulouse-en-2026","11":"tag-eu","12":"tag-europe","13":"tag-expo","14":"tag-festivals","15":"tag-fr","16":"tag-france","17":"tag-news","18":"tag-occitanie","19":"tag-republique-francaise","20":"tag-toulouse"},"share_on_mastodon":{"url":"https:\/\/pubeurope.com\/@fr\/115885816225193940","error":""},"_links":{"self":[{"href":"https:\/\/www.europesays.com\/fr\/wp-json\/wp\/v2\/posts\/659837","targetHints":{"allow":["GET"]}}],"collection":[{"href":"https:\/\/www.europesays.com\/fr\/wp-json\/wp\/v2\/posts"}],"about":[{"href":"https:\/\/www.europesays.com\/fr\/wp-json\/wp\/v2\/types\/post"}],"author":[{"embeddable":true,"href":"https:\/\/www.europesays.com\/fr\/wp-json\/wp\/v2\/users\/2"}],"replies":[{"embeddable":true,"href":"https:\/\/www.europesays.com\/fr\/wp-json\/wp\/v2\/comments?post=659837"}],"version-history":[{"count":0,"href":"https:\/\/www.europesays.com\/fr\/wp-json\/wp\/v2\/posts\/659837\/revisions"}],"wp:featuredmedia":[{"embeddable":true,"href":"https:\/\/www.europesays.com\/fr\/wp-json\/wp\/v2\/media\/659838"}],"wp:attachment":[{"href":"https:\/\/www.europesays.com\/fr\/wp-json\/wp\/v2\/media?parent=659837"}],"wp:term":[{"taxonomy":"category","embeddable":true,"href":"https:\/\/www.europesays.com\/fr\/wp-json\/wp\/v2\/categories?post=659837"},{"taxonomy":"post_tag","embeddable":true,"href":"https:\/\/www.europesays.com\/fr\/wp-json\/wp\/v2\/tags?post=659837"}],"curies":[{"name":"wp","href":"https:\/\/api.w.org\/{rel}","templated":true}]}}