{"id":659844,"date":"2026-01-13T04:10:18","date_gmt":"2026-01-13T04:10:18","guid":{"rendered":"https:\/\/www.europesays.com\/fr\/659844\/"},"modified":"2026-01-13T04:10:18","modified_gmt":"2026-01-13T04:10:18","slug":"lenseigne-lyonnaise-les-burgers-de-papa-rachetee","status":"publish","type":"post","link":"https:\/\/www.europesays.com\/fr\/659844\/","title":{"rendered":"L&rsquo;enseigne lyonnaise \u00ab\u00a0Les Burgers de Papa\u00a0\u00bb rachet\u00e9e"},"content":{"rendered":"<p class=\"content\" style=\"font-size:1.2em;font-weight:700\">Cr\u00e9\u00e9e \u00e0 Lyon, la cha\u00eene de restaurant \u00ab\u00a0Les Burgers de Papa\u00a0\u00bb  et ses 21 restaurants ont \u00e9t\u00e9 rachet\u00e9s par le groupe parisien BChef. <\/p>\n<p>L&rsquo;enseigne lyonnaise \u00ab\u00a0Les Burgers de Papa\u00a0\u00bb change de main. Cr\u00e9\u00e9e il y a douze ans \u00e0 Lyon, la cha\u00eene de restaurant sp\u00e9cialis\u00e9 dans le burger vient d&rsquo;\u00eatre rachet\u00e9e par le groupe parisien BChef. Plac\u00e9 en redressement judiciaire en 2024, l&rsquo;enseigne comptait 21 restaurants en France, dont trois dans la M\u00e9tropole de Lyon. <\/p>\n<p>Cinq restaurants lyonnais<\/p>\n<p>Selon les informations de <a href=\"https:\/\/tribunedelyon.fr\/economie\/restauration-les-burgers-de-papa-rachete-par-bchef\/\" rel=\"nofollow noopener\" target=\"_blank\">Tribune de Lyon,<\/a> les 230 employ\u00e9s de l&rsquo;enseigne lyonnaise sont d\u00e9sormais int\u00e9gr\u00e9s au groupe Bchef, portant \u00e0 450 le nombre total de salari\u00e9s. Les 21 \u00ab\u00a0Burgers de Papa\u00a0\u00bb s&rsquo;ajoutent ainsi aux plus de 50 restaurants du groupe parisien. A noter que BChef poss\u00e9dait d\u00e9j\u00e0 deux \u00e9tablissements lyonnais. <\/p>\n<p>En plus de cette acquisition, l&rsquo;enseigne parisienne sp\u00e9cialis\u00e9e dans les burgers pr\u00e9voit l&rsquo;ouverture d&rsquo;une dizaine de restaurants d&rsquo;ici 2027. <\/p>\n<p><strong>Lire aussi : <\/strong><a href=\"https:\/\/www.lyoncapitale.fr\/actualite\/au-sud-lyon-polytechnyl-la-filiale-francaise-de-domo-chemicals-placee-en-redressement-judiciaire\" target=\"_blank\" rel=\"noopener\">Au sud Lyon : Polytechnyl, la filiale fran\u00e7aise de Domo Chemicals, plac\u00e9e en redressement judiciaire<\/a><\/p>\n","protected":false},"excerpt":{"rendered":"Cr\u00e9\u00e9e \u00e0 Lyon, la cha\u00eene de restaurant \u00ab\u00a0Les Burgers de Papa\u00a0\u00bb et ses 21 restaurants ont \u00e9t\u00e9 rachet\u00e9s&hellip;\n","protected":false},"author":2,"featured_media":659845,"comment_status":"","ping_status":"","sticky":false,"template":"","format":"standard","meta":{"footnotes":""},"categories":[1889],"tags":[1111,11,2430,1777,674,1011,27,2428,12,25],"class_list":{"0":"post-659844","1":"post","2":"type-post","3":"status-publish","4":"format-standard","5":"has-post-thumbnail","7":"category-lyon","8":"tag-actu","9":"tag-actualites","10":"tag-auvergne-rhone-alpes","11":"tag-eu","12":"tag-europe","13":"tag-fr","14":"tag-france","15":"tag-lyon","16":"tag-news","17":"tag-republique-francaise"},"share_on_mastodon":{"url":"https:\/\/pubeurope.com\/@fr\/115885835954591505","error":""},"_links":{"self":[{"href":"https:\/\/www.europesays.com\/fr\/wp-json\/wp\/v2\/posts\/659844","targetHints":{"allow":["GET"]}}],"collection":[{"href":"https:\/\/www.europesays.com\/fr\/wp-json\/wp\/v2\/posts"}],"about":[{"href":"https:\/\/www.europesays.com\/fr\/wp-json\/wp\/v2\/types\/post"}],"author":[{"embeddable":true,"href":"https:\/\/www.europesays.com\/fr\/wp-json\/wp\/v2\/users\/2"}],"replies":[{"embeddable":true,"href":"https:\/\/www.europesays.com\/fr\/wp-json\/wp\/v2\/comments?post=659844"}],"version-history":[{"count":0,"href":"https:\/\/www.europesays.com\/fr\/wp-json\/wp\/v2\/posts\/659844\/revisions"}],"wp:featuredmedia":[{"embeddable":true,"href":"https:\/\/www.europesays.com\/fr\/wp-json\/wp\/v2\/media\/659845"}],"wp:attachment":[{"href":"https:\/\/www.europesays.com\/fr\/wp-json\/wp\/v2\/media?parent=659844"}],"wp:term":[{"taxonomy":"category","embeddable":true,"href":"https:\/\/www.europesays.com\/fr\/wp-json\/wp\/v2\/categories?post=659844"},{"taxonomy":"post_tag","embeddable":true,"href":"https:\/\/www.europesays.com\/fr\/wp-json\/wp\/v2\/tags?post=659844"}],"curies":[{"name":"wp","href":"https:\/\/api.w.org\/{rel}","templated":true}]}}