{"id":659846,"date":"2026-01-13T04:11:13","date_gmt":"2026-01-13T04:11:13","guid":{"rendered":"https:\/\/www.europesays.com\/fr\/659846\/"},"modified":"2026-01-13T04:11:13","modified_gmt":"2026-01-13T04:11:13","slug":"la-ville-de-lyon-renove-la-patinoire-charlemagne","status":"publish","type":"post","link":"https:\/\/www.europesays.com\/fr\/659846\/","title":{"rendered":"La Ville de Lyon r\u00e9nove la patinoire Charlemagne"},"content":{"rendered":"<p><strong>La Ville de Lyon a engag\u00e9 un vaste programme de r\u00e9novation de l\u2019\u00e9quipement pour le moderniser, am\u00e9liorer sa performance \u00e9nerg\u00e9tique, et renforcer sa s\u00e9curit\u00e9. <\/strong><\/p>\n<p>La Ville de Lyon a engag\u00e9 depuis 2023 un vaste programme de r\u00e9novation de la patinoire Charlemagne dans le 2e arrondissement de Lyon, pour moderniser l\u2019\u00e9quipement, d\u2019am\u00e9liorer sa performance \u00e9nerg\u00e9tique et de renforcer la s\u00e9curit\u00e9 ainsi que la qualit\u00e9 d\u2019accueil du public.<\/p>\n<p>Finalis\u00e9s en mars 2025, ces travaux majeurs permettent d\u00e9sormais \u00e0 plus de 1.000 licenci\u00e9s des clubs utilisateurs (Club des Sports de Glace de Lyon et Lyon Hockey club) et \u00e0 85.000 usagers (scolaires et grand public) de b\u00e9n\u00e9ficier d\u2019un \u00e9quipement modernis\u00e9.<\/p>\n<p>Le chantier a \u00e9t\u00e9 organis\u00e9 en plusieurs phases afin de limiter l\u2019impact sur l\u2019exploitation du site. Le premier chantier de r\u00e9novation de la patinoire a port\u00e9 sur la restructuration compl\u00e8te des vestiaires et sanitaires, le remplacement des gaines de soufflage et la reprise des centrales de traitement d\u2019air (CTA), la modernisation du syst\u00e8me de s\u00e9curit\u00e9 incendie, et la r\u00e9fection de l\u2019escalier de secours sud, ainsi que des interventions de conservation du b\u00e2ti. <\/p>\n<p><img decoding=\"async\" src=\"https:\/\/www.europesays.com\/fr\/wp-content\/uploads\/2025\/04\/abonnezvouslarge.jpg\" alt=\"\"\/><\/p>\n<p>Pour lire la totalit\u00e9 de l&rsquo;article,<strong><a href=\"http:\/\/www.lyonpoleimmo.com\/membership-options-page\/\" target=\"_blank\" rel=\"noopener\">abonnez-vous<\/a> <\/strong>ou <a href=\"http:\/\/www.lyonpoleimmo.com\/senregistrer\/\" target=\"_blank\" rel=\"noopener\"><strong>identifiez-vous<\/strong><\/a>  <\/p>\n<p>                  <img loading=\"lazy\" decoding=\"async\" alt=\"\" src=\"https:\/\/www.europesays.com\/fr\/wp-content\/uploads\/2026\/01\/1768277473_128_aa80fbcec76b8e31baa828b9e8df762388c5950be21994636af3fb2f598021ac.jpeg\"  class=\"avatar avatar-96 photo\" height=\"96\" width=\"96\"\/>              <\/p>\n<p>\t\tNavigation d\u2019article<\/p>\n","protected":false},"excerpt":{"rendered":"La Ville de Lyon a engag\u00e9 un vaste programme de r\u00e9novation de l\u2019\u00e9quipement pour le moderniser, am\u00e9liorer sa&hellip;\n","protected":false},"author":2,"featured_media":639746,"comment_status":"","ping_status":"","sticky":false,"template":"","format":"standard","meta":{"footnotes":""},"categories":[1889],"tags":[1111,11,2430,1777,674,1011,27,2428,12,716,25,2086],"class_list":{"0":"post-659846","1":"post","2":"type-post","3":"status-publish","4":"format-standard","5":"has-post-thumbnail","7":"category-lyon","8":"tag-actu","9":"tag-actualites","10":"tag-auvergne-rhone-alpes","11":"tag-eu","12":"tag-europe","13":"tag-fr","14":"tag-france","15":"tag-lyon","16":"tag-news","17":"tag-renovation","18":"tag-republique-francaise","19":"tag-travaux"},"share_on_mastodon":{"url":"https:\/\/pubeurope.com\/@fr\/115885839737564596","error":""},"_links":{"self":[{"href":"https:\/\/www.europesays.com\/fr\/wp-json\/wp\/v2\/posts\/659846","targetHints":{"allow":["GET"]}}],"collection":[{"href":"https:\/\/www.europesays.com\/fr\/wp-json\/wp\/v2\/posts"}],"about":[{"href":"https:\/\/www.europesays.com\/fr\/wp-json\/wp\/v2\/types\/post"}],"author":[{"embeddable":true,"href":"https:\/\/www.europesays.com\/fr\/wp-json\/wp\/v2\/users\/2"}],"replies":[{"embeddable":true,"href":"https:\/\/www.europesays.com\/fr\/wp-json\/wp\/v2\/comments?post=659846"}],"version-history":[{"count":0,"href":"https:\/\/www.europesays.com\/fr\/wp-json\/wp\/v2\/posts\/659846\/revisions"}],"wp:featuredmedia":[{"embeddable":true,"href":"https:\/\/www.europesays.com\/fr\/wp-json\/wp\/v2\/media\/639746"}],"wp:attachment":[{"href":"https:\/\/www.europesays.com\/fr\/wp-json\/wp\/v2\/media?parent=659846"}],"wp:term":[{"taxonomy":"category","embeddable":true,"href":"https:\/\/www.europesays.com\/fr\/wp-json\/wp\/v2\/categories?post=659846"},{"taxonomy":"post_tag","embeddable":true,"href":"https:\/\/www.europesays.com\/fr\/wp-json\/wp\/v2\/tags?post=659846"}],"curies":[{"name":"wp","href":"https:\/\/api.w.org\/{rel}","templated":true}]}}