{"id":659851,"date":"2026-01-13T04:16:25","date_gmt":"2026-01-13T04:16:25","guid":{"rendered":"https:\/\/www.europesays.com\/fr\/659851\/"},"modified":"2026-01-13T04:16:25","modified_gmt":"2026-01-13T04:16:25","slug":"le-roi-felipe-et-ses-soeurs-elena-et-cristina-accompagnent-leur-mere-la-reine-sofia-lors-des-funerailles-de-tatiana-radziwill-a-paris","status":"publish","type":"post","link":"https:\/\/www.europesays.com\/fr\/659851\/","title":{"rendered":"Le roi Felipe et ses s\u0153urs Elena et Cristina accompagnent leur m\u00e8re la reine Sofia lors des fun\u00e9railles de Tatiana Radziwill \u00e0 Paris"},"content":{"rendered":"<p>La princesse <strong>Tatiana Radziwill<\/strong> \u00e9tait comme une s\u0153ur pour <a href=\"https:\/\/www.vanityfair.fr\/article\/sofia-despagne-portrait-glamour-dune-reine-tres-chic\" target=\"_blank\" rel=\"noopener\">la reine \u00e9m\u00e9rite <strong>Sofia d&rsquo;Espagne<\/strong><\/a>. Cousines germaines et surtout amies ins\u00e9parables, son d\u00e9c\u00e8s \u00e0 l&rsquo;\u00e2ge de 86 ans, le 19 d\u00e9cembre dernier, a \u00e9t\u00e9 un coup dur pour la m\u00e8re de <strong>Felipe d&rsquo;Espagne<\/strong>, qui lui a fait ses adieux ce samedi lors de la messe de fun\u00e9railles c\u00e9l\u00e9br\u00e9e en l&rsquo;\u00e9glise Saint-Thomas-d&rsquo;Aquin \u00e0 <a href=\"https:\/\/www.vanityfair.fr\/dossier\/paris\" isautogenerated=\"true\" target=\"_blank\" rel=\"noopener\">Paris<\/a>. L&rsquo;ancienne souveraine s&rsquo;est rendue dans la capitale fran\u00e7aise accompagn\u00e9e de ses enfants, le roi et les infantes <strong>Elena<\/strong> et <strong>Cristina<\/strong>. L&rsquo;image de ces trois personnages de la famille royale espagnole r\u00e9unis est tr\u00e8s inhabituelle, mais le chagrin a pr\u00e9valu sur les r\u00e8gles non \u00e9crites de la maison royale, et les trois fr\u00e8res et s\u0153urs se sont r\u00e9unis autour de leur m\u00e8re dans un d\u00e9placement priv\u00e9, non inscrit \u00e0 l&rsquo;agenda officiel de la famille royale.<\/p>\n<p>Dans une vid\u00e9o publi\u00e9e par le magazine Point de Vue, on peut voir la reine, v\u00eatue de noir, d&rsquo;un chemisier blanc et d&rsquo;un ch\u00e2le, sortir de l&rsquo;\u00e9glise au bras du roi Felipe et, un peu plus loin, des infantes Elena et Cristina. On peut \u00e9galement voir <strong>Anna Maria de Gr\u00e8ce<\/strong> accompagn\u00e9e de deux de ses enfants, les princes <strong>Paul<\/strong> et <strong>Alexia<\/strong>. Cette journ\u00e9e est \u00e9galement particuli\u00e8rement difficile pour eux car elle marque le troisi\u00e8me anniversaire de la mort du fr\u00e8re de la reine Sofia, \u00e9poux et p\u00e8re des princes grecs, <a href=\"https:\/\/www.vanityfair.fr\/royautes\/article\/constantin-de-grece-dernier-roi-des-hellenes-est-mort\" target=\"_blank\" rel=\"noopener\">le roi <strong>Constantin<\/strong>, d\u00e9c\u00e9d\u00e9 \u00e0 l&rsquo;\u00e2ge de 82 ans<\/a>.<\/p>\n<p>Apr\u00e8s les fun\u00e9railles, ils ont accompagn\u00e9, avec le reste des personnes qui ont fait leurs adieux \u00e0 la princesse d\u00e9funte, son veuf, <strong>Jean Fruchaud<\/strong>, et ses enfants, <strong>Fabiola et Alexis<\/strong>, \u00e0 la r\u00e9ception qui s&rsquo;est tenue \u00e0 l&rsquo;h\u00f4tel Lutetia.<\/p>\n","protected":false},"excerpt":{"rendered":"La princesse Tatiana Radziwill \u00e9tait comme une s\u0153ur pour la reine \u00e9m\u00e9rite Sofia d&rsquo;Espagne. Cousines germaines et surtout&hellip;\n","protected":false},"author":2,"featured_media":659852,"comment_status":"","ping_status":"","sticky":false,"template":"","format":"standard","meta":{"footnotes":""},"categories":[1888],"tags":[1111,1928,11,1927,8416,1777,674,1011,27,12,1926,626,1925,25,27848,73114],"class_list":{"0":"post-659851","1":"post","2":"type-post","3":"status-publish","4":"format-standard","5":"has-post-thumbnail","7":"category-paris","8":"tag-actu","9":"tag-actu-paris","10":"tag-actualites","11":"tag-actualites-paris","12":"tag-digital_syndication","13":"tag-eu","14":"tag-europe","15":"tag-fr","16":"tag-france","17":"tag-news","18":"tag-news-paris","19":"tag-paris","20":"tag-paris-news","21":"tag-republique-francaise","22":"tag-royautes","23":"tag-textabovecenterfullbleed"},"share_on_mastodon":{"url":"https:\/\/pubeurope.com\/@fr\/115885859307562025","error":""},"_links":{"self":[{"href":"https:\/\/www.europesays.com\/fr\/wp-json\/wp\/v2\/posts\/659851","targetHints":{"allow":["GET"]}}],"collection":[{"href":"https:\/\/www.europesays.com\/fr\/wp-json\/wp\/v2\/posts"}],"about":[{"href":"https:\/\/www.europesays.com\/fr\/wp-json\/wp\/v2\/types\/post"}],"author":[{"embeddable":true,"href":"https:\/\/www.europesays.com\/fr\/wp-json\/wp\/v2\/users\/2"}],"replies":[{"embeddable":true,"href":"https:\/\/www.europesays.com\/fr\/wp-json\/wp\/v2\/comments?post=659851"}],"version-history":[{"count":0,"href":"https:\/\/www.europesays.com\/fr\/wp-json\/wp\/v2\/posts\/659851\/revisions"}],"wp:featuredmedia":[{"embeddable":true,"href":"https:\/\/www.europesays.com\/fr\/wp-json\/wp\/v2\/media\/659852"}],"wp:attachment":[{"href":"https:\/\/www.europesays.com\/fr\/wp-json\/wp\/v2\/media?parent=659851"}],"wp:term":[{"taxonomy":"category","embeddable":true,"href":"https:\/\/www.europesays.com\/fr\/wp-json\/wp\/v2\/categories?post=659851"},{"taxonomy":"post_tag","embeddable":true,"href":"https:\/\/www.europesays.com\/fr\/wp-json\/wp\/v2\/tags?post=659851"}],"curies":[{"name":"wp","href":"https:\/\/api.w.org\/{rel}","templated":true}]}}