{"id":659854,"date":"2026-01-13T04:19:17","date_gmt":"2026-01-13T04:19:17","guid":{"rendered":"https:\/\/www.europesays.com\/fr\/659854\/"},"modified":"2026-01-13T04:19:17","modified_gmt":"2026-01-13T04:19:17","slug":"emmanuel-gregoire-ps-propose-des-kiosques-mobiles-de-police-municipale","status":"publish","type":"post","link":"https:\/\/www.europesays.com\/fr\/659854\/","title":{"rendered":"Emmanuel Gr\u00e9goire (PS) propose des \u00ab\u00a0kiosques mobiles\u00a0\u00bb de police municipale"},"content":{"rendered":"<p>Candidat d\u2019union de la <a href=\"https:\/\/www.20minutes.fr\/dossier\/gauche\" target=\"_blank\" class=\"c-link c-link--is-underlined\" rel=\"noopener\">gauche<\/a> \u00e0 la <a href=\"https:\/\/www.20minutes.fr\/dossier\/mairie_de_paris\" target=\"_blank\" class=\"c-link c-link--is-underlined\" rel=\"noopener\">Mairie de Paris<\/a>, Emmanuel Gr\u00e9goire entend faire de la s\u00e9curit\u00e9 un marqueur de sa campagne. Il propose le d\u00e9ploiement de 30 kiosques mobiles de <a href=\"https:\/\/www.20minutes.fr\/dossier\/police_municipale\" target=\"_blank\" class=\"c-link c-link--is-underlined\" rel=\"noopener\">police municipale<\/a>, inspir\u00e9s des k\u00f4ban japonais, pr\u00e9sent\u00e9s comme des \u00ab\u00a0mini-postes sur le terrain\u00a0\u00bb. R\u00e9partis dans tous les arrondissements et positionn\u00e9s sur les \u00ab\u00a0points chauds\u00a0\u00bb de la capitale, ces kiosques fonctionneraient 24 heures sur 24 avec cinq \u00e0 six agents chacun.<\/p>\n<p>Le candidat <a href=\"https:\/\/www.20minutes.fr\/politique\/ps\/\" target=\"_blank\" class=\"c-link c-link--is-underlined\" rel=\"noopener\">socialiste<\/a> assume une approche fond\u00e9e sur la visibilit\u00e9 polici\u00e8re. \u00ab\u00a0Une des cl\u00e9s, c\u2019est de consid\u00e9rer que la pr\u00e9sence polici\u00e8re de terrain ne r\u00e8gle, certes, pas tout, mais reste extr\u00eamement efficace contre la d\u00e9linquance. Il faut du bleu sur le terrain\u00a0\u00bb, affirme-t-il. Le premier kiosque doit \u00eatre install\u00e9 porte de Clignancourt, dans le XVIIIe arrondissement, un secteur identifi\u00e9 comme expos\u00e9 aux trafics.<\/p>\n<p>Repenser l\u2019espace public entre Paris et Saint-Ouen<\/p>\n<p>Sur place, Emmanuel Gr\u00e9goire d\u00e9crit un territoire soumis \u00e0 de fortes tensions. \u00ab\u00a0C\u2019est un lieu de fort passage. La d\u00e9linquance et les trafics en tous genres sont venus se greffer sur ces flux avec de la contrebande de cigarettes, de la vente de produits m\u00e9dicamenteux, de drogues\u00a0\u00bb, explique-t-il, promettant de repenser l\u2019occupation de l\u2019espace public entre Paris et Saint-Ouen afin de limiter ces ph\u00e9nom\u00e8nes.<\/p>\n<\/p>\n<p>Ce dispositif s\u2019accompagne d\u2019un renforcement massif des effectifs. L\u2019ex-premier adjoint d\u2019<a href=\"https:\/\/www.20minutes.fr\/dossier\/anne_hidalgo\" target=\"_blank\" class=\"c-link c-link--is-underlined\" rel=\"noopener\">Anne Hidalgo<\/a> souhaite recruter 1.000 agents suppl\u00e9mentaires pour porter la police municipale \u00e0 5.000 agents. Il met toutefois en garde contre un \u00e9ventuel retrait de l\u2019Etat sur la <a href=\"https:\/\/www.20minutes.fr\/dossier\/police\" target=\"_blank\" class=\"c-link c-link--is-underlined\" rel=\"noopener\">police nationale<\/a> et met en cause <a href=\"https:\/\/www.20minutes.fr\/politique\/rachida_dati\" target=\"_blank\" class=\"c-link c-link--is-underlined\" rel=\"noopener\">Rachida Dati<\/a>, qu\u2019il juge \u00ab\u00a0comptable\u00a0\u00bb des politiques men\u00e9es au niveau gouvernemental.<\/p>\n<p>Un dispositif d\u2019alerte sur les abribus<\/p>\n<p>Sur la question sensible de l\u2019armement, Emmanuel Gr\u00e9goire trace une ligne claire. Il se dit \u00ab\u00a0totalement hostile\u00a0\u00bb aux <a href=\"https:\/\/www.20minutes.fr\/dossier\/armes\" target=\"_blank\" class=\"c-link c-link--is-underlined\" rel=\"noopener\">armes<\/a> l\u00e9tales, estimant qu\u2019\u00ab\u00a0aucune des missions confi\u00e9es \u00e0 la police municipale ne le justifie\u00a0\u00bb. Les brigades de nuit pourraient n\u00e9anmoins \u00eatre \u00e9quip\u00e9es de pistolets \u00e0 impulsion \u00e9lectrique, et un r\u00e9f\u00e9rendum serait propos\u00e9 aux Parisiens en cas d\u2019\u00e9volution du cadre l\u00e9gal.<\/p>\n<p><a href=\"https:\/\/www.20minutes.fr\/municipales\/\" target=\"_blank\" class=\"c-link c-btn c-btn--primary\" rel=\"noopener\">Notre dossier sur les \u00e9lections municipales 2026<\/a><\/p>\n<p>Le volet pr\u00e9vention compl\u00e8te ce plan s\u00e9curitaire, avec l\u2019annonce d\u2019un dispositif d\u2019alerte sur les abribus et d\u2019un renforcement de l\u2019\u00e9clairage public. Jugeant \u00ab\u00a0insupportable\u00a0\u00bb que des femmes puissent se sentir en <a href=\"https:\/\/www.20minutes.fr\/dossier\/insecurite\" target=\"_blank\" class=\"c-link c-link--is-underlined\" rel=\"noopener\">ins\u00e9curit\u00e9<\/a>, il affirme vouloir r\u00e9pondre \u00e0 une attente forte, notamment dans les quartiers populaires. <a href=\"https:\/\/www.20minutes.fr\/dossier\/videosurveillance\" target=\"_blank\" class=\"c-link c-link--is-underlined\" rel=\"noopener\">Vid\u00e9oprotection<\/a> renforc\u00e9e sur les sites sensibles, brigade d\u00e9di\u00e9e aux zones complexes et patrouilles ciblant les v\u00e9los d\u00e9brid\u00e9s compl\u00e8tent un projet qu\u2019il pr\u00e9sente comme pragmatique, tout en se d\u00e9marquant du bilan municipal sortant.<\/p>\n","protected":false},"excerpt":{"rendered":"Candidat d\u2019union de la gauche \u00e0 la Mairie de Paris, Emmanuel Gr\u00e9goire entend faire de la s\u00e9curit\u00e9 un&hellip;\n","protected":false},"author":2,"featured_media":659855,"comment_status":"","ping_status":"","sticky":false,"template":"","format":"standard","meta":{"footnotes":""},"categories":[1888],"tags":[47,11,2618,2761,1777,674,1011,27,662,2825,12,626,1072,2872,316,417,25,656],"class_list":{"0":"post-659854","1":"post","2":"type-post","3":"status-publish","4":"format-standard","5":"has-post-thumbnail","7":"category-paris","8":"tag-actualite","9":"tag-actualites","10":"tag-anne-hidalgo","11":"tag-elections-municipales-2026","12":"tag-eu","13":"tag-europe","14":"tag-fr","15":"tag-france","16":"tag-ile-de-france","17":"tag-insecurite","18":"tag-news","19":"tag-paris","20":"tag-police","21":"tag-police-municipale","22":"tag-politique","23":"tag-rachida-dati","24":"tag-republique-francaise","25":"tag-securite"},"share_on_mastodon":{"url":"https:\/\/pubeurope.com\/@fr\/115885871203216345","error":""},"_links":{"self":[{"href":"https:\/\/www.europesays.com\/fr\/wp-json\/wp\/v2\/posts\/659854","targetHints":{"allow":["GET"]}}],"collection":[{"href":"https:\/\/www.europesays.com\/fr\/wp-json\/wp\/v2\/posts"}],"about":[{"href":"https:\/\/www.europesays.com\/fr\/wp-json\/wp\/v2\/types\/post"}],"author":[{"embeddable":true,"href":"https:\/\/www.europesays.com\/fr\/wp-json\/wp\/v2\/users\/2"}],"replies":[{"embeddable":true,"href":"https:\/\/www.europesays.com\/fr\/wp-json\/wp\/v2\/comments?post=659854"}],"version-history":[{"count":0,"href":"https:\/\/www.europesays.com\/fr\/wp-json\/wp\/v2\/posts\/659854\/revisions"}],"wp:featuredmedia":[{"embeddable":true,"href":"https:\/\/www.europesays.com\/fr\/wp-json\/wp\/v2\/media\/659855"}],"wp:attachment":[{"href":"https:\/\/www.europesays.com\/fr\/wp-json\/wp\/v2\/media?parent=659854"}],"wp:term":[{"taxonomy":"category","embeddable":true,"href":"https:\/\/www.europesays.com\/fr\/wp-json\/wp\/v2\/categories?post=659854"},{"taxonomy":"post_tag","embeddable":true,"href":"https:\/\/www.europesays.com\/fr\/wp-json\/wp\/v2\/tags?post=659854"}],"curies":[{"name":"wp","href":"https:\/\/api.w.org\/{rel}","templated":true}]}}