{"id":659856,"date":"2026-01-13T04:20:39","date_gmt":"2026-01-13T04:20:39","guid":{"rendered":"https:\/\/www.europesays.com\/fr\/659856\/"},"modified":"2026-01-13T04:20:39","modified_gmt":"2026-01-13T04:20:39","slug":"contre-starlink-liran-applique-les-methodes-de-guerre-electronique-russes","status":"publish","type":"post","link":"https:\/\/www.europesays.com\/fr\/659856\/","title":{"rendered":"Contre Starlink, l\u2019Iran applique les m\u00e9thodes de guerre \u00e9lectronique russes"},"content":{"rendered":"<p>Alors que l\u2019Iran impose un black-out quasi total d\u2019Internet depuis plusieurs pour \u00e9touffer les manifestations qui secouent le pays, Donald Trump a annonc\u00e9 dimanche qu\u2019il allait s\u2019entretenir avec Elon Musk sur la possibilit\u00e9 d\u2019envoyer<a href=\"https:\/\/www.latribune.fr\/article\/tech\/1317485407048115\/internet-par-satellite-starlink-et-amazon-leo-vont-se-livrer-un-combat-acharne-en-2026\" target=\"_blank\" article-id=\"1317485407048115\" rel=\"noopener\"> des terminaux Starlink<\/a> pour contourner la censure. Une annonce purement rh\u00e9torique puisque le pr\u00e9sident am\u00e9ricain est probablement au courant que des terminaux Starlink circulent d\u00e9j\u00e0 en Iran.<\/p>\n<p>Bien que le gouvernement n\u2019ait jamais autoris\u00e9 leur commercialisation, <a href=\"https:\/\/www.latribune.fr\/economie\/international\/starlink-malgre-la-promesse-d-elon-musk-l-ue-cherche-une-alternative-pour-l-ukraine-1020239.html\" target=\"_blank\" article-id=\"5437671577461214\" rel=\"noopener\">ces \u00e9quipements<\/a> auraient \u00e9t\u00e9 introduits ill\u00e9galement dans le pays depuis 2022. Des journalistes sur place ont d\u2019ailleurs pu confirmer \u00eatre en contact avec des Iraniens utilisant Starlink depuis T\u00e9h\u00e9ran et l\u2019ouest du pays. Toutefois, ces connexions ne fonctionnent plus de mani\u00e8re optimale. L\u2019expert en cybers\u00e9curit\u00e9 Amir Rashidi a indiqu\u00e9 que T\u00e9h\u00e9ran brouillait d\u00e9sormais les signaux Starlink, avec une perte de donn\u00e9es atteignant 30\u00a0% en moyenne, et jusqu\u2019\u00e0 80\u00a0% dans certaines zones. Selon le\u00a0<a href=\"https:\/\/www.timesofisrael.com\/iran-appears-to-jam-starlink-after-shutting-down-comms-networks\/\" target=\"_blank\" rel=\"noopener\">Times of Israel<\/a>, l\u2019Iran utiliserait des technologies de brouillage militaire similaires \u00e0 celles d\u00e9ploy\u00e9es par la Russie en Ukraine.<\/p>\n","protected":false},"excerpt":{"rendered":"Alors que l\u2019Iran impose un black-out quasi total d\u2019Internet depuis plusieurs pour \u00e9touffer les manifestations qui secouent le&hellip;\n","protected":false},"author":2,"featured_media":659857,"comment_status":"","ping_status":"","sticky":false,"template":"","format":"standard","meta":{"footnotes":""},"categories":[1591],"tags":[5734,11,76170,1444,9860,1887,1146,26922,15159,12,2536,1885,1886,132,4314,57271],"class_list":{"0":"post-659856","1":"post","2":"type-post","3":"status-publish","4":"format-standard","5":"has-post-thumbnail","7":"category-russie","8":"tag-5734","9":"tag-actualites","10":"tag-applique","11":"tag-contre","12":"tag-electronique","13":"tag-federation-de-russie","14":"tag-guerre","15":"tag-liran","16":"tag-methodes","17":"tag-news","18":"tag-russes","19":"tag-russia","20":"tag-russian-federation","21":"tag-russie","22":"tag-starlink","23":"tag-tech-ia"},"share_on_mastodon":{"url":"https:\/\/pubeurope.com\/@fr\/115885875100665267","error":""},"_links":{"self":[{"href":"https:\/\/www.europesays.com\/fr\/wp-json\/wp\/v2\/posts\/659856","targetHints":{"allow":["GET"]}}],"collection":[{"href":"https:\/\/www.europesays.com\/fr\/wp-json\/wp\/v2\/posts"}],"about":[{"href":"https:\/\/www.europesays.com\/fr\/wp-json\/wp\/v2\/types\/post"}],"author":[{"embeddable":true,"href":"https:\/\/www.europesays.com\/fr\/wp-json\/wp\/v2\/users\/2"}],"replies":[{"embeddable":true,"href":"https:\/\/www.europesays.com\/fr\/wp-json\/wp\/v2\/comments?post=659856"}],"version-history":[{"count":0,"href":"https:\/\/www.europesays.com\/fr\/wp-json\/wp\/v2\/posts\/659856\/revisions"}],"wp:featuredmedia":[{"embeddable":true,"href":"https:\/\/www.europesays.com\/fr\/wp-json\/wp\/v2\/media\/659857"}],"wp:attachment":[{"href":"https:\/\/www.europesays.com\/fr\/wp-json\/wp\/v2\/media?parent=659856"}],"wp:term":[{"taxonomy":"category","embeddable":true,"href":"https:\/\/www.europesays.com\/fr\/wp-json\/wp\/v2\/categories?post=659856"},{"taxonomy":"post_tag","embeddable":true,"href":"https:\/\/www.europesays.com\/fr\/wp-json\/wp\/v2\/tags?post=659856"}],"curies":[{"name":"wp","href":"https:\/\/api.w.org\/{rel}","templated":true}]}}