{"id":659860,"date":"2026-01-13T04:22:22","date_gmt":"2026-01-13T04:22:22","guid":{"rendered":"https:\/\/www.europesays.com\/fr\/659860\/"},"modified":"2026-01-13T04:22:22","modified_gmt":"2026-01-13T04:22:22","slug":"de-johnson-a-trump-la-fed-sous-pression","status":"publish","type":"post","link":"https:\/\/www.europesays.com\/fr\/659860\/","title":{"rendered":"De Johnson \u00e0 Trump, la FED sous Pression"},"content":{"rendered":"<p><img loading=\"lazy\" decoding=\"async\" src=\"https:\/\/www.europesays.com\/fr\/wp-content\/uploads\/2026\/01\/USA-De-Johnson-a-Trump-la-FED-sous-Pression-2215298.webp.webp\" width=\"1200\" height=\"675\" alt=\"placeholder video\"\/><\/p>\n<p>C&rsquo;est une vid\u00e9o sans pr\u00e9c\u00e9dent. Jer\u00f4me Powell, pr\u00e9sident de la FED ( R\u00e9serve f\u00e9d\u00e9rale am\u00e9ricaine), monte au cr\u00e9neau pour d\u00e9fendre l&rsquo;ind\u00e9pendance de l&rsquo;institution face aux menaces de Donald Trump. De la violence physique de Lyndon Johnson au harc\u00e8lement de Richard Nixon, la Fed a toujours \u00e9t\u00e9 le terrain d&rsquo;un bras de fer avec la Maison-Blanche. Mathieu Jolivet d\u00e9crypte ces moments o\u00f9 l\u2019\u00e9conomie am\u00e9ricaine a failli basculer sous la coupe du pouvoir politique.<\/p>\n<p>Aujourd&rsquo;hui \u00e0 19h32 | Dur\u00e9e : 3:41<\/p>\n","protected":false},"excerpt":{"rendered":"C&rsquo;est une vid\u00e9o sans pr\u00e9c\u00e9dent. Jer\u00f4me Powell, pr\u00e9sident de la FED ( R\u00e9serve f\u00e9d\u00e9rale am\u00e9ricaine), monte au cr\u00e9neau&hellip;\n","protected":false},"author":2,"featured_media":659861,"comment_status":"","ping_status":"","sticky":false,"template":"","format":"standard","meta":{"footnotes":""},"categories":[1589],"tags":[11,73,1866,12,1864,1865,1863,308],"class_list":{"0":"post-659860","1":"post","2":"type-post","3":"status-publish","4":"format-standard","5":"has-post-thumbnail","7":"category-etats-unis","8":"tag-actualites","9":"tag-etats-unis","10":"tag-etats-unis-damerique","11":"tag-news","12":"tag-united-states","13":"tag-united-states-of-america","14":"tag-us","15":"tag-usa"},"share_on_mastodon":{"url":"https:\/\/pubeurope.com\/@fr\/115885883019942946","error":""},"_links":{"self":[{"href":"https:\/\/www.europesays.com\/fr\/wp-json\/wp\/v2\/posts\/659860","targetHints":{"allow":["GET"]}}],"collection":[{"href":"https:\/\/www.europesays.com\/fr\/wp-json\/wp\/v2\/posts"}],"about":[{"href":"https:\/\/www.europesays.com\/fr\/wp-json\/wp\/v2\/types\/post"}],"author":[{"embeddable":true,"href":"https:\/\/www.europesays.com\/fr\/wp-json\/wp\/v2\/users\/2"}],"replies":[{"embeddable":true,"href":"https:\/\/www.europesays.com\/fr\/wp-json\/wp\/v2\/comments?post=659860"}],"version-history":[{"count":0,"href":"https:\/\/www.europesays.com\/fr\/wp-json\/wp\/v2\/posts\/659860\/revisions"}],"wp:featuredmedia":[{"embeddable":true,"href":"https:\/\/www.europesays.com\/fr\/wp-json\/wp\/v2\/media\/659861"}],"wp:attachment":[{"href":"https:\/\/www.europesays.com\/fr\/wp-json\/wp\/v2\/media?parent=659860"}],"wp:term":[{"taxonomy":"category","embeddable":true,"href":"https:\/\/www.europesays.com\/fr\/wp-json\/wp\/v2\/categories?post=659860"},{"taxonomy":"post_tag","embeddable":true,"href":"https:\/\/www.europesays.com\/fr\/wp-json\/wp\/v2\/tags?post=659860"}],"curies":[{"name":"wp","href":"https:\/\/api.w.org\/{rel}","templated":true}]}}