{"id":659874,"date":"2026-01-13T04:29:11","date_gmt":"2026-01-13T04:29:11","guid":{"rendered":"https:\/\/www.europesays.com\/fr\/659874\/"},"modified":"2026-01-13T04:29:11","modified_gmt":"2026-01-13T04:29:11","slug":"ancien-du-psg-et-de-lequipe-de-france-mamadou-sakho-met-fin-a-sa-carriere","status":"publish","type":"post","link":"https:\/\/www.europesays.com\/fr\/659874\/","title":{"rendered":"Ancien du PSG et de l\u2019\u00e9quipe de France, Mamadou Sakho met fin \u00e0 sa carri\u00e8re"},"content":{"rendered":"<p>C\u2019est un chapitre de l\u2019histoire de l\u2019<a href=\"https:\/\/www.20minutes.fr\/sport\/football\/4190018-20251205-coupe-monde-2026-france-peut-sortir-phase-groupes-apres-avoir-abandonnee-chatte-dd\" target=\"_blank\" class=\"c-link c-link--is-underlined\" rel=\"noopener\">\u00e9quipe de France de football<\/a> qui se tourne, mais aussi un de la Ligue 1 et de la Premier League. Ancien d\u00e9fenseur central du PSG et des Bleus, Mamadou Sakho a annonc\u00e9 lundi la fin de sa carri\u00e8re professionnelle \u00e0 l\u2019\u00e2ge de 35 ans.<\/p>\n<p>Une annonce en marge de PSG &#8211; Paris FC<\/p>\n<p>Le joueur a fait cette annonce sur la pelouse du Parc des Princes avant le coup d\u2019envoi du 16e de finale de Coupe de France <a href=\"https:\/\/www.20minutes.fr\/sport\/football\/coupe-de-france\/4195588-20260112-direct-psg-paris-fc-pfc-veut-prendre-revanche-suivez-16e-finale-coupe-france\" target=\"_blank\" class=\"c-link c-link--is-underlined\" rel=\"noopener\">entre le PSG et le Paris FC<\/a>, avec qui il a commenc\u00e9 le foot entre 8 et 12 ans.<\/p>\n<\/p>\n<p>\u00ab\u00a0Je voulais remercier tout le monde. Je voulais annoncer ma fin de carri\u00e8re officielle. Merci au Parc. Merci au Paris FC. Sans le Paris FC, pour moi, il n\u2019y a pas le PSG derri\u00e8re\u00a0\u00bb, a-t-il d\u00e9clar\u00e9. \u00ab\u00a0C\u2019est une belle page et un livre qui se ferme aujourd\u2019hui, je suis tr\u00e8s fier de l\u00e0 d\u2019o\u00f9 je viens, fier d\u2019avoir pu repr\u00e9senter la capitale et inspirer des jeunes\u00a0\u00bb, a poursuivi en zone mixte l\u2019ancien \u00ab\u00a0titi\u00a0\u00bb. Son meilleur souvenir avec le PSG\u00a0? \u00ab\u00a0Quand j\u2019ai foul\u00e9 la pelouse du Parc pour la premi\u00e8re fois et que j\u2019ai vu ma m\u00e8re en tribune\u00a0\u00bb, a-t-il racont\u00e9.<\/p>\n<p>Form\u00e9 et r\u00e9v\u00e9l\u00e9 avec le PSG (201 matchs), il a \u00e9t\u00e9 le plus jeune capitaine de l\u2019histoire de la L1, 17 ans et 8 mois en octobre\u00a02007 pour sa premi\u00e8re titularisation en championnat.<\/p>\n<p>Didier Deschamps reconnaissant<\/p>\n<p>Il est ensuite pass\u00e9 par Liverpool (2013-2017) et par Crystal Palace, avant de retrouver la Ligue 1 avec Montpellier en\u00a02021. Il a r\u00e9sili\u00e9 son contrat <a href=\"https:\/\/www.20minutes.fr\/sport\/football\/4060567-20231102-ligue-1-mamadou-sakho-annonce-fin-aventure-montpellier\" target=\"_blank\" class=\"c-link c-link--is-underlined\" rel=\"noopener\">d\u2019un commun accord avec le MHSC<\/a> (49 matchs) en novembre\u00a02023 apr\u00e8s une altercation avec son entra\u00eeneur Michel Der\u00a0Zakarian.<\/p>\n<p><a href=\"https:\/\/www.20minutes.fr\/sport\/football\/\" target=\"_blank\" class=\"c-link c-btn c-btn--primary\" rel=\"noopener\">Notre dossier Football<\/a><\/p>\n<p>Avec les Bleus (29 s\u00e9lections), son principal fait d\u2019armes reste le doubl\u00e9 au Stade de France en barrages retour du Mondial 2014 contre l\u2019Ukraine qui a qualifi\u00e9 les Bleus pour la Coupe du monde au Br\u00e9sil (3-0, 0-2 \u00e0 l\u2019aller). \u00ab\u00a0Je souhaite \u00e0 \u00ab\u00a0Mamad'\u00a0\u00bb\u00a0d\u2019\u00eatre heureux dans la nouvelle vie qui s\u2019ouvre \u00e0 lui. Au moment o\u00f9 il annonce la fin de sa carri\u00e8re, je n\u2019oublie pas le r\u00f4le important qu\u2019il a jou\u00e9 en \u00e9quipe de France, notamment lors du barrage retour de novembre\u00a02013 face \u00e0 l\u2019Ukraine. Et plus globalement, sa d\u00e9termination et sa combativit\u00e9 contagieuse\u00a0\u00bb, a d\u2019ailleurs comment\u00e9 le s\u00e9lectionneur Didier Deschamps.<\/p>\n<p>En avril\u00a02016, apr\u00e8s avoir \u00e9t\u00e9 contr\u00f4l\u00e9 positif \u00e0 un br\u00fbleur de graisse, Sakho avait \u00e9t\u00e9 suspendu provisoirement par l\u2019UEFA pour une dur\u00e9e de 30 jours, ce qui l\u2019avait priv\u00e9 de la finale de la Ligue Europa avec Liverpool et de la phase finale de l\u2019Euro 2016. Il avait \u00e9t\u00e9 blanchi en juillet\u00a02016. Il \u00e9tait sans club depuis plusieurs mois apr\u00e8s avoir sign\u00e9 en juillet\u00a02024 avec une \u00e9quipe du championnat g\u00e9orgien.<\/p>\n","protected":false},"excerpt":{"rendered":"C\u2019est un chapitre de l\u2019histoire de l\u2019\u00e9quipe de France de football qui se tourne, mais aussi un de&hellip;\n","protected":false},"author":2,"featured_media":659875,"comment_status":"","ping_status":"","sticky":false,"template":"","format":"standard","meta":{"footnotes":""},"categories":[4],"tags":[11,20532,6713,63,1011,27,66,15383,15066,15105,12,2332,70,25,517,133],"class_list":{"0":"post-659874","1":"post","2":"type-post","3":"status-publish","4":"format-standard","5":"has-post-thumbnail","7":"category-france","8":"tag-actualites","9":"tag-didier-deschamps","10":"tag-equipe-de-france-de-football","11":"tag-football","12":"tag-fr","13":"tag-france","14":"tag-ligue-1","15":"tag-liverpool-fc","16":"tag-mamadou-sakho","17":"tag-mhsc-montpellier","18":"tag-news","19":"tag-paris-saint-germain-psg","20":"tag-premier-league","21":"tag-republique-francaise","22":"tag-sport","23":"tag-video"},"share_on_mastodon":{"url":"https:\/\/pubeurope.com\/@fr\/115885910435905678","error":""},"_links":{"self":[{"href":"https:\/\/www.europesays.com\/fr\/wp-json\/wp\/v2\/posts\/659874","targetHints":{"allow":["GET"]}}],"collection":[{"href":"https:\/\/www.europesays.com\/fr\/wp-json\/wp\/v2\/posts"}],"about":[{"href":"https:\/\/www.europesays.com\/fr\/wp-json\/wp\/v2\/types\/post"}],"author":[{"embeddable":true,"href":"https:\/\/www.europesays.com\/fr\/wp-json\/wp\/v2\/users\/2"}],"replies":[{"embeddable":true,"href":"https:\/\/www.europesays.com\/fr\/wp-json\/wp\/v2\/comments?post=659874"}],"version-history":[{"count":0,"href":"https:\/\/www.europesays.com\/fr\/wp-json\/wp\/v2\/posts\/659874\/revisions"}],"wp:featuredmedia":[{"embeddable":true,"href":"https:\/\/www.europesays.com\/fr\/wp-json\/wp\/v2\/media\/659875"}],"wp:attachment":[{"href":"https:\/\/www.europesays.com\/fr\/wp-json\/wp\/v2\/media?parent=659874"}],"wp:term":[{"taxonomy":"category","embeddable":true,"href":"https:\/\/www.europesays.com\/fr\/wp-json\/wp\/v2\/categories?post=659874"},{"taxonomy":"post_tag","embeddable":true,"href":"https:\/\/www.europesays.com\/fr\/wp-json\/wp\/v2\/tags?post=659874"}],"curies":[{"name":"wp","href":"https:\/\/api.w.org\/{rel}","templated":true}]}}