{"id":659880,"date":"2026-01-13T04:38:11","date_gmt":"2026-01-13T04:38:11","guid":{"rendered":"https:\/\/www.europesays.com\/fr\/659880\/"},"modified":"2026-01-13T04:38:11","modified_gmt":"2026-01-13T04:38:11","slug":"apres-robinio-vaz-ca-se-precise-pour-darryl-bakola","status":"publish","type":"post","link":"https:\/\/www.europesays.com\/fr\/659880\/","title":{"rendered":"Apr\u00e8s Robinio Vaz, \u00e7a se pr\u00e9cise pour Darryl Bakola"},"content":{"rendered":"<p><strong>Apr\u00e8s Robinio Vaz, qui se rapproche clairement de l&rsquo;AS Rome, l&rsquo;Olympique de Marseille devrait bien perdre un autre talent, Darryl Bakola. Cet hiver, ou plus probablement lors du prochain mercato estival.\u00a0<\/strong><\/p>\n<p>L&rsquo;<a href=\"https:\/\/www.dailymercato.com\/club\/olympique-de-marseille-7\" target=\"_blank\" rel=\"noopener\">Olympique de Marseille<\/a> va-t-il perdre deux de ses meilleurs talents, coup sur coup ? Comme nous l&rsquo;\u00e9voquions d\u00e9j\u00e0 en toute fin d&rsquo;ann\u00e9e 2025, <a href=\"https:\/\/www.dailymercato.com\/news\/mercato-om-2-ventes-a-50-meur-roberto-de-zerbi-hallucine\" target=\"_blank\" rel=\"noopener\">Robinio Vaz et Darryl Bakola ont tous deux menac\u00e9 de quitter le navire<\/a> dans un futur proche.<\/p>\n<p>Ces derni\u00e8res heures, <a href=\"https:\/\/www.dailymercato.com\/news\/mercato-om-la-vente-de-robinio-vaz-se-precise\" target=\"_blank\" rel=\"noopener\">l&rsquo;avant-centre de 18 ans s&rsquo;est consid\u00e9rablement rapproch\u00e9 de l&rsquo;AS Rome<\/a>, la formation italienne \u00e9tant tout proche de trouver un accord avec les diff\u00e9rents int\u00e9ress\u00e9s. Le milieu offensif pourrait en faire autant tr\u00e8s prochainement.\u00a0<\/p>\n<blockquote class=\"twitter-tweet\"><p>&#13;<\/p>\n<p dir=\"ltr\" lang=\"fr\">\ud83d\udea8Darryl Bakola \ud83c\uddeb\ud83c\uddf7 (18 ans) a refus\u00e9 la prolongation de contrat de son club formateur.<\/p>\n<p>Son contrat avec l&rsquo;OM se termine en juin 2027.<a href=\"https:\/\/twitter.com\/hashtag\/TeamOM?src=hash&amp;ref_src=twsrc%5Etfw\" target=\"_blank\" rel=\"noopener\">#TeamOM<\/a> <a href=\"https:\/\/twitter.com\/hashtag\/MercatOM?src=hash&amp;ref_src=twsrc%5Etfw\" target=\"_blank\" rel=\"noopener\">#MercatOM<\/a> | \ud83d\uddde\ufe0f <a href=\"https:\/\/twitter.com\/laprovence?ref_src=twsrc%5Etfw\" target=\"_blank\" rel=\"noopener\">@laprovence<\/a> <a href=\"https:\/\/t.co\/1Fifsj2kx3\">pic.twitter.com\/1Fifsj2kx3<\/a><\/p>\n<p>&#13;<br \/>\n\u2014 ActuOlympien (@ActuOlympien) <a href=\"https:\/\/twitter.com\/ActuOlympien\/status\/2010664956094808122?ref_src=twsrc%5Etfw\" target=\"_blank\" rel=\"noopener\">January 12, 2026<\/a><\/p><\/blockquote>\n<p>Darryl Bakola refuse de prolonger avec l&rsquo;OM<\/p>\n<p>Il y a tout juste une semaine, <a href=\"https:\/\/www.dailymercato.com\/news\/om-roberto-de-zerbi-detruit-2-pepites-marseillaises\" target=\"_blank\" rel=\"noopener\">Roberto De Zerbi, le coach de l&rsquo;OM, a eu des mots durs<\/a> envers Robinio Vaz et Darryl Bakola. Selon La Provence, cette sortie pourrait, en partie, sceller l&rsquo;avenir de Bakola \u00e0 Marseille.<\/p>\n<p>Ainsi, l&rsquo;international U20 fran\u00e7ais aurait purement et simplement refus\u00e9 de prolonger son contrat, qui court jusqu&rsquo;en 2027. Autrement dit, une vente l&rsquo;\u00e9t\u00e9 prochain sera in\u00e9luctable si une solution n&rsquo;est pas trouv\u00e9e d&rsquo;ici l\u00e0. Les Allemands de l&rsquo;Eintrachat Francfort seraient, pour l&rsquo;heure, les mieux plac\u00e9s pour en profiter. Mais, toujours en Allemagne, le VfB Stuttgart et le Bayer Leverkusen restent \u00e0 l&rsquo;aff\u00fbt. Qui aura le dernier mot ?\u00a0<\/p>\n<p>Nordiste pure souche, qui pr\u00e9f\u00e8re un bon match de National avec l&rsquo;USBCO \u00e0 la rivalit\u00e9 entre le RC Lens et le LOSC. Fan des grosses ambiances avant tout, de l&rsquo;ASSE \u00e0 l&rsquo;OM en passant par Strasbourg. Aux armes !<\/p>\n<p>            <script async src=\"https:\/\/platform.twitter.com\/widgets.js\" charset=\"utf-8\"><\/script><\/p>\n","protected":false},"excerpt":{"rendered":"Apr\u00e8s Robinio Vaz, qui se rapproche clairement de l&rsquo;AS Rome, l&rsquo;Olympique de Marseille devrait bien perdre un autre&hellip;\n","protected":false},"author":2,"featured_media":659881,"comment_status":"","ping_status":"","sticky":false,"template":"","format":"standard","meta":{"footnotes":""},"categories":[1410],"tags":[63,1011,27,60],"class_list":{"0":"post-659880","1":"post","2":"type-post","3":"status-publish","4":"format-standard","5":"has-post-thumbnail","7":"category-football","8":"tag-football","9":"tag-fr","10":"tag-france","11":"tag-sports"},"share_on_mastodon":{"url":"https:\/\/pubeurope.com\/@fr\/115885946180793739","error":""},"_links":{"self":[{"href":"https:\/\/www.europesays.com\/fr\/wp-json\/wp\/v2\/posts\/659880","targetHints":{"allow":["GET"]}}],"collection":[{"href":"https:\/\/www.europesays.com\/fr\/wp-json\/wp\/v2\/posts"}],"about":[{"href":"https:\/\/www.europesays.com\/fr\/wp-json\/wp\/v2\/types\/post"}],"author":[{"embeddable":true,"href":"https:\/\/www.europesays.com\/fr\/wp-json\/wp\/v2\/users\/2"}],"replies":[{"embeddable":true,"href":"https:\/\/www.europesays.com\/fr\/wp-json\/wp\/v2\/comments?post=659880"}],"version-history":[{"count":0,"href":"https:\/\/www.europesays.com\/fr\/wp-json\/wp\/v2\/posts\/659880\/revisions"}],"wp:featuredmedia":[{"embeddable":true,"href":"https:\/\/www.europesays.com\/fr\/wp-json\/wp\/v2\/media\/659881"}],"wp:attachment":[{"href":"https:\/\/www.europesays.com\/fr\/wp-json\/wp\/v2\/media?parent=659880"}],"wp:term":[{"taxonomy":"category","embeddable":true,"href":"https:\/\/www.europesays.com\/fr\/wp-json\/wp\/v2\/categories?post=659880"},{"taxonomy":"post_tag","embeddable":true,"href":"https:\/\/www.europesays.com\/fr\/wp-json\/wp\/v2\/tags?post=659880"}],"curies":[{"name":"wp","href":"https:\/\/api.w.org\/{rel}","templated":true}]}}