{"id":659882,"date":"2026-01-13T04:39:12","date_gmt":"2026-01-13T04:39:12","guid":{"rendered":"https:\/\/www.europesays.com\/fr\/659882\/"},"modified":"2026-01-13T04:39:12","modified_gmt":"2026-01-13T04:39:12","slug":"son-refuge-secret-en-bretagne","status":"publish","type":"post","link":"https:\/\/www.europesays.com\/fr\/659882\/","title":{"rendered":"son refuge secret en Bretagne"},"content":{"rendered":"<p>Quand la fatigue devenait trop lourde et que la lumi\u00e8re<br \/>\ncalifornienne ne suffisait plus, Johnny Hallyday trouvait refuge \u00e0<br \/>\nl\u2019autre bout de l\u2019Atlantique, sur une langue de terre battue par<br \/>\nles vents : la presqu\u2019\u00eele de Quiberon, en Bretagne. C\u2019est l\u00e0, face<br \/>\n\u00e0 l\u2019oc\u00e9an, que le Taulier venait se ressourcer, loin du tumulte,<br \/>\ndans l\u2019un de ses lieux les plus discrets et les plus chers \u00e0 son<br \/>\nc\u0153ur.<\/p>\n<p>Johnny Hallyday : un h\u00f4tel de thalasso comme havre de paix<\/p>\n<p data-start=\"708\" data-end=\"1124\">Depuis la <a href=\"https:\/\/www.lejournaldelamaison.fr\/le-journal-de-la-maison\/nouveautes\/produits\/voyait-partout-dans-annees-cette-table-basse-retro-vaut-elle-est-faite-bois-rare-528295.html\" target=\"_blank\" rel=\"noopener\"><br \/>\nfin des ann\u00e9es 1970,<\/a> Johnny avait pris l\u2019habitude de s\u00e9journer<br \/>\ndans le <strong data-start=\"789\" data-end=\"828\">Sofitel Quiberon<br \/>\nThalassa Sea &amp; Spa<\/strong>, un \u00e9tablissement r\u00e9put\u00e9 pour ses<br \/>\nsoins de thalassoth\u00e9rapie et son atmosph\u00e8re feutr\u00e9e.<br \/>\n<strong data-start=\"916\" data-end=\"957\">Il y revenait une \u00e0 trois<br \/>\nfois par an<\/strong>, parfois seul, parfois entour\u00e9 de ses proches.<br \/>\nCe lieu, perch\u00e9 face \u00e0 la mer, \u00e9tait pour lui bien plus qu\u2019un h\u00f4tel<br \/>\n: <strong data-start=\"1075\" data-end=\"1123\">un cocon de<br \/>\nr\u00e9cup\u00e9ration physique et mentale<\/strong>.<\/p>\n<p data-start=\"1126\" data-end=\"1632\">Encore <strong data-start=\"1133\" data-end=\"1149\">\u00e0 l\u2019\u00e9t\u00e9 2017<\/strong>, quelques mois avant<br \/>\nsa disparition, Johnny y avait pos\u00e9 ses valises avec<br \/>\n<strong data-start=\"1224\" data-end=\"1270\">Laeticia et leurs deux<br \/>\nfilles, Jade et Joy<\/strong>. La famille y \u00e9tait rest\u00e9e environ une<br \/>\nsemaine. Les images partag\u00e9es alors sur les r\u00e9seaux sociaux<br \/>\nmontraient une parenth\u00e8se rare : <strong data-start=\"1403\" data-end=\"1441\">Laeticia souriante sur les rochers<\/strong>, les<br \/>\nenfants explorant la c\u00f4te avec des \u00e9puisettes, \u00e0 la recherche de<br \/>\ncrabes et de coquillages. Johnny, lui, se tenait volontairement en<br \/>\nretrait, pr\u00e9f\u00e9rant <strong data-start=\"1598\" data-end=\"1631\">la<br \/>\ndiscr\u00e9tion aux projecteurs<\/strong>. D\u00e9j\u00e0, l\u2019artiste luttait contre<br \/>\nla maladie. Mais \u00e0 Quiberon, le temps semblait suspendu.<br \/>\n<strong data-start=\"1722\" data-end=\"1801\">Parties de cartes en<br \/>\nfamille, balades au grand air, silences face \u00e0 l\u2019oc\u00e9an<\/strong>\u2026<br \/>\nCes moments comptaient parmi les plus pr\u00e9cieux de ses derniers<br \/>\nmois.<\/p>\n<p>Quiberon, l\u2019endroit o\u00f9 Johnny<br \/>\nHallyday redevenait un homme libre<\/p>\n<p data-start=\"1937\" data-end=\"2302\">Sur la <a href=\"https:\/\/www.lejournaldelamaison.fr\/le-journal-de-la-maison\/reportages-maisons\/laurent-voulzy-maison-bretonne-quiberon-529876.html\" target=\"_blank\" rel=\"noopener\"><br \/>\npresqu\u2019\u00eele de Quiberon<\/a>, Johnny pouvait se fondre dans le d\u00e9cor.<br \/>\n<strong data-start=\"1996\" data-end=\"2016\">\u00c0 pied ou \u00e0<br \/>\nv\u00e9lo<\/strong>, il longeait les plages, traversait les rues sans<br \/>\nescorte, s\u2019arr\u00eatait parfois pour boire un verre au salon de th\u00e9<br \/>\n<strong data-start=\"2131\" data-end=\"2146\">Gulf Stream<\/strong>,<br \/>\nobservait la mer, les p\u00eacheurs, les promeneurs. Ici,<br \/>\n<strong data-start=\"2201\" data-end=\"2235\">personne ne venait le<br \/>\nd\u00e9ranger<\/strong>. Cette tranquillit\u00e9 rare expliquait pourquoi il<br \/>\nrevenait toujours.<\/p>\n<p data-start=\"2304\" data-end=\"2609\">Install\u00e9 au bout de la<br \/>\npresqu\u2019\u00eele, face \u00e0 l\u2019Atlantique, <strong>le Sofitel Quiberon<br \/>\nThalassa<\/strong> est un \u00e9tablissement pens\u00e9 comme un sanctuaire de<br \/>\nbien-\u00eatre. <strong>Chambres baign\u00e9es de lumi\u00e8re, vue sur la mer ou<br \/>\nsur la lande bretonne, literie haut de gamme, atmosph\u00e8re<br \/>\nouat\u00e9e\u2026<\/strong> tout y est con\u00e7u pour favoriser le repos et la<br \/>\nr\u00e9cup\u00e9ration. Son institut de thalassoth\u00e9rapie, reconnu pour ses<br \/>\nsoins marins, attirait Johnny depuis des d\u00e9cennies. Pour un corps<br \/>\nmalmen\u00e9 par les tourn\u00e9es et la maladie, ce lieu \u00e9tait une promesse<br \/>\nde soulagement.<\/p>\n<blockquote class=\"instagram-media\" style=\"background: #ffffff;border: 0;margin: 1px;width: 100%;padding: 0;max-width: 500px;\" data-instgrm-permalink=\"https:\/\/www.instagram.com\/p\/DM43T93ipi8\/?img_index=1\" data-instgrm-version=\"14\"\/>\n<p>Johnny Hallyday, ce refuge en Bretagne un contraste saisissant avec<br \/>\nses autres demeures<\/p>\n<p data-start=\"3250\" data-end=\"3605\">Le refuge breton de Johnny<br \/>\ncontraste fortement avec ses r\u00e9sidences mythiques. La plus c\u00e9l\u00e8bre<br \/>\nreste <a href=\"https:\/\/www.lejournaldelamaison.fr\/le-journal-de-la-maison\/reportages-maisons\/maisons-reportages-maisons\/johnny-hallyday-la-maison-de-marnes-la-coquette-enfin-vendue-515394.html\" target=\"_blank\" rel=\"noopener\"><br \/>\n<strong data-start=\"3350\" data-end=\"3365\">La Savannah<\/strong>, \u00e0<br \/>\n<strong data-start=\"3369\" data-end=\"3391\">Marnes-la-Coquette<\/strong>,<\/a> une vaste propri\u00e9t\u00e9 acquise<br \/>\nen 1999, dot\u00e9e de piscine, court de tennis, salle de sport et m\u00eame<br \/>\nd\u2019un cin\u00e9ma priv\u00e9. Longtemps rest\u00e9e sur le march\u00e9 apr\u00e8s sa<br \/>\ndisparition, elle a finalement trouv\u00e9 preneur en<br \/>\n<strong data-start=\"3596\" data-end=\"3604\">2025<\/strong>.<\/p>\n<p data-start=\"3607\" data-end=\"3940\">Aux \u00c9tats-Unis, le couple<br \/>\nposs\u00e9dait aussi <strong data-start=\"3649\" data-end=\"3684\">deux<br \/>\nvillas \u00e0 Pacific Palisades<\/strong>, \u00e0 Los Angeles. La premi\u00e8re,<br \/>\nachet\u00e9e en 2009, comptait sept chambres, dix salles de bains et une<br \/>\npiscine \u00e0 d\u00e9bordement, avant d\u2019\u00eatre revendue en 2021. La seconde,<br \/>\nacquise par Laeticia apr\u00e8s la mort de Johnny, a \u00e9t\u00e9 <a href=\"https:\/\/www.lejournaldelamaison.fr\/le-journal-de-la-maison\/reportages-maisons\/maisons-reportages-maisons\/laeticia-hallyday-maison-los-angeles-incendie-pacific-palisades-ruines-502174.html\" target=\"_blank\" rel=\"noopener\"><br \/>\n<strong data-start=\"3900\" data-end=\"3939\">d\u00e9truite lors des<br \/>\nincendies de 2025<\/strong><\/a>. Mais parmi toutes ces adresses<br \/>\nspectaculaires, <strong data-start=\"3989\" data-end=\"4027\">Quiberon<br \/>\noccupait une place \u00e0 part<\/strong>. Pas de luxe ostentatoire, pas<br \/>\nde paparazzis, pas de mondanit\u00e9s. Juste <strong data-start=\"4099\" data-end=\"4171\">la mer, le vent, et la possibilit\u00e9 de se sentir<br \/>\nvivant encore un peu<\/strong>.<\/p>\n<p><script async src=\"\/\/www.instagram.com\/embed.js\"><\/script><\/p>\n","protected":false},"excerpt":{"rendered":"Quand la fatigue devenait trop lourde et que la lumi\u00e8re californienne ne suffisait plus, Johnny Hallyday trouvait refuge&hellip;\n","protected":false},"author":2,"featured_media":659883,"comment_status":"","ping_status":"","sticky":false,"template":"","format":"standard","meta":{"footnotes":""},"categories":[1359],"tags":[13041,8851,3396,829,17488,16577,58,3026,59,12219,10485,1011,27,70997,3707,7093,72280,10650,5242,973,2189,8912,16132,23299,2407,2528],"class_list":{"0":"post-659882","1":"post","2":"type-post","3":"status-publish","4":"format-standard","5":"has-post-thumbnail","7":"category-people","8":"tag-a","9":"tag-avait","10":"tag-avec","11":"tag-bretagne","12":"tag-ce","13":"tag-dernieres","14":"tag-divertissement","15":"tag-en","16":"tag-entertainment","17":"tag-et","18":"tag-filles","19":"tag-fr","20":"tag-france","21":"tag-hallyday","22":"tag-il","23":"tag-johnny","24":"tag-laeticia","25":"tag-ou","26":"tag-passe","27":"tag-people","28":"tag-photos","29":"tag-quiberon","30":"tag-refuge","31":"tag-secret","32":"tag-ses","33":"tag-vacances"},"share_on_mastodon":{"url":"https:\/\/pubeurope.com\/@fr\/115885949836613586","error":""},"_links":{"self":[{"href":"https:\/\/www.europesays.com\/fr\/wp-json\/wp\/v2\/posts\/659882","targetHints":{"allow":["GET"]}}],"collection":[{"href":"https:\/\/www.europesays.com\/fr\/wp-json\/wp\/v2\/posts"}],"about":[{"href":"https:\/\/www.europesays.com\/fr\/wp-json\/wp\/v2\/types\/post"}],"author":[{"embeddable":true,"href":"https:\/\/www.europesays.com\/fr\/wp-json\/wp\/v2\/users\/2"}],"replies":[{"embeddable":true,"href":"https:\/\/www.europesays.com\/fr\/wp-json\/wp\/v2\/comments?post=659882"}],"version-history":[{"count":0,"href":"https:\/\/www.europesays.com\/fr\/wp-json\/wp\/v2\/posts\/659882\/revisions"}],"wp:featuredmedia":[{"embeddable":true,"href":"https:\/\/www.europesays.com\/fr\/wp-json\/wp\/v2\/media\/659883"}],"wp:attachment":[{"href":"https:\/\/www.europesays.com\/fr\/wp-json\/wp\/v2\/media?parent=659882"}],"wp:term":[{"taxonomy":"category","embeddable":true,"href":"https:\/\/www.europesays.com\/fr\/wp-json\/wp\/v2\/categories?post=659882"},{"taxonomy":"post_tag","embeddable":true,"href":"https:\/\/www.europesays.com\/fr\/wp-json\/wp\/v2\/tags?post=659882"}],"curies":[{"name":"wp","href":"https:\/\/api.w.org\/{rel}","templated":true}]}}