{"id":659884,"date":"2026-01-13T04:40:25","date_gmt":"2026-01-13T04:40:25","guid":{"rendered":"https:\/\/www.europesays.com\/fr\/659884\/"},"modified":"2026-01-13T04:40:25","modified_gmt":"2026-01-13T04:40:25","slug":"le-pari-reussi-de-ludivine-gonthier-artiste-a-poitiers","status":"publish","type":"post","link":"https:\/\/www.europesays.com\/fr\/659884\/","title":{"rendered":"le pari r\u00e9ussi de Ludivine Gonthier, artiste \u00e0 Poitiers"},"content":{"rendered":"<p>\u00ab\u00a0C\u2019est vrai que c\u2019est un peu le clich\u00e9 de l\u2019artiste, d\u2019\u00e9couter France Inter en s\u2019enquillant des litres de caf\u00e9\u00a0\u00bb, se marre-t-elle, sa tasse fumante \u00e0 la main. Ludivine Gonthier accueille dans sa \u00ab\u00a0grotte\u00a0\u00bb, un troglodyte de 100\u00a0m2 qui lui sert d\u2019appartement et d\u2019atelier, en bord de Clain. N\u00e9e en 1997 dans le Vaucluse, elle a grandi sur l\u2019\u00eele de La R\u00e9union, avant de s\u2019installer \u00e0 Poitiers \u00ab\u00a0par hasard\u00a0\u00bb, en mai\u00a02023. Au sortir de l\u2019\u00e9cole des Beaux-Arts de Paris, alors qu\u2019elle se cherche un atelier, \u00ab\u00a0je suis tomb\u00e9e sur une annonce Le Bon Coin qui proposait \u201c\u00a0un espace atypique\u00a0\u201d.\u00a0\u00bb Autant dire, fait pour elle.<\/p>\n<p>\u00ab\u00a0Quand tu deviens grand, Trump envahit le monde et il faut payer l\u2019Urssaf\u00a0\u00bb<\/p>\n<p>Sorte de joyeux bazar color\u00e9, o\u00f9 les plantes vertes et les peintures \u00e0 l\u2019huile c\u00f4toient une armada de\u00a0Playmobil\u00ae et de poup\u00e9es, l\u2019atelier de Ludivine Gonthier ressemble <a title=\"Lien vers Instagram\" target=\"_blank\" href=\"https:\/\/www.instagram.com\/ludivine.gonthier\/\" rel=\"noopener\">au d\u00e9cor de ses \u0153uvres<\/a>. \u00ab\u00a0Je ne respecte ni les r\u00e8gles ni les proportions, je fais \u00e0 ma sauce, explique celle qui a appris sans cours, en observant les autres. J\u2019ai d\u00e9j\u00e0 essay\u00e9 de peindre plus propre, plus fin, mais je n\u2019y arrive pas\u00a0!\u00a0\u00bb Elle aurait tort de s\u2019acharner, puisque ses toiles les plus \u00ab\u00a0intuitives\u00a0\u00bb sont celles qui se vendent le mieux&#8230;. <\/p>\n<p>    Cet article a \u00e9t\u00e9 tronqu\u00e9. Abonnez-vous pour lire l&rsquo;article complet sur notre site.<\/p>\n<p style=\"margin: 0 !important; padding: 0 !important; font-size: 12px !important;\">Cet article a \u00e9t\u00e9 tronqu\u00e9. Abonnez-vous pour lire l&rsquo;article complet.<\/p>\n<p>    <a href=\"https:\/\/www.lanouvellerepublique.fr\/abonnements\" style=\"display: inline-block; margin-top: 5px !important; padding: 6px 12px !important; background: #cb1c27; color: white; text-decoration: none; border-radius: 4px; font-size: 12px !important;\" target=\"_blank\" rel=\"noopener\"><br \/>\n      S&rsquo;abonner<br \/>\n    <\/a><\/p>\n<p><script async src=\"\/\/www.instagram.com\/embed.js\"><\/script><\/p>\n","protected":false},"excerpt":{"rendered":"\u00ab\u00a0C\u2019est vrai que c\u2019est un peu le clich\u00e9 de l\u2019artiste, d\u2019\u00e9couter France Inter en s\u2019enquillant des litres de&hellip;\n","protected":false},"author":2,"featured_media":659885,"comment_status":"","ping_status":"","sticky":false,"template":"","format":"standard","meta":{"footnotes":""},"categories":[1358],"tags":[1392,1348,1384,1385,1386,58,59,1349,1011,27,1757,1393,1653,1584],"class_list":{"0":"post-659884","1":"post","2":"type-post","3":"status-publish","4":"format-standard","5":"has-post-thumbnail","7":"category-arts-et-design","8":"tag-a-la-une-local","9":"tag-arts","10":"tag-arts-and-design","11":"tag-arts-et-design","12":"tag-design","13":"tag-divertissement","14":"tag-entertainment","15":"tag-expositions","16":"tag-fr","17":"tag-france","18":"tag-insolite","19":"tag-loisirs","20":"tag-poitiers","21":"tag-vienne"},"share_on_mastodon":{"url":"https:\/\/pubeurope.com\/@fr\/115885953715344364","error":""},"_links":{"self":[{"href":"https:\/\/www.europesays.com\/fr\/wp-json\/wp\/v2\/posts\/659884","targetHints":{"allow":["GET"]}}],"collection":[{"href":"https:\/\/www.europesays.com\/fr\/wp-json\/wp\/v2\/posts"}],"about":[{"href":"https:\/\/www.europesays.com\/fr\/wp-json\/wp\/v2\/types\/post"}],"author":[{"embeddable":true,"href":"https:\/\/www.europesays.com\/fr\/wp-json\/wp\/v2\/users\/2"}],"replies":[{"embeddable":true,"href":"https:\/\/www.europesays.com\/fr\/wp-json\/wp\/v2\/comments?post=659884"}],"version-history":[{"count":0,"href":"https:\/\/www.europesays.com\/fr\/wp-json\/wp\/v2\/posts\/659884\/revisions"}],"wp:featuredmedia":[{"embeddable":true,"href":"https:\/\/www.europesays.com\/fr\/wp-json\/wp\/v2\/media\/659885"}],"wp:attachment":[{"href":"https:\/\/www.europesays.com\/fr\/wp-json\/wp\/v2\/media?parent=659884"}],"wp:term":[{"taxonomy":"category","embeddable":true,"href":"https:\/\/www.europesays.com\/fr\/wp-json\/wp\/v2\/categories?post=659884"},{"taxonomy":"post_tag","embeddable":true,"href":"https:\/\/www.europesays.com\/fr\/wp-json\/wp\/v2\/tags?post=659884"}],"curies":[{"name":"wp","href":"https:\/\/api.w.org\/{rel}","templated":true}]}}