{"id":659886,"date":"2026-01-13T04:42:11","date_gmt":"2026-01-13T04:42:11","guid":{"rendered":"https:\/\/www.europesays.com\/fr\/659886\/"},"modified":"2026-01-13T04:42:11","modified_gmt":"2026-01-13T04:42:11","slug":"plus-belle-la-vie-en-avance-une-disparition-inquietante-djawad-et-ariane-emmenagent-et-attendent-larrivee-de-bebe-ce-qui-vous-attend-dans-le-prochain-episode","status":"publish","type":"post","link":"https:\/\/www.europesays.com\/fr\/659886\/","title":{"rendered":"Plus Belle la Vie en avance : une disparition inqui\u00e9tante, Djawad et Ariane emm\u00e9nagent et attendent l&rsquo;arriv\u00e9e de b\u00e9b\u00e9&#8230; ce qui vous attend dans le prochain \u00e9pisode"},"content":{"rendered":"<p>Apr\u00e8s plusieurs jours de disparition, l\u2019\u00e9pisode 496 de Plus<br \/>\nbelle la vie, diffus\u00e9 le mardi 13 janvier 2026 \u00e0 13h50 sur TF1,<br \/>\nmarque un tournant majeur dans l\u2019intrigue autour de Martin. Rep\u00e9r\u00e9<br \/>\npar Thomas dans un snack, le jeune homme est retrouv\u00e9 bless\u00e9 \u00e0 la<br \/>\njambe et profond\u00e9ment marqu\u00e9 par ce qu\u2019il a v\u00e9cu. Luna, soulag\u00e9e de<br \/>\nle revoir vivant, le serre imm\u00e9diatement dans ses bras, mais<br \/>\ncomprend tr\u00e8s vite que quelque chose ne va pas.<\/p>\n<p>Alors que la police poursuit son enqu\u00eate sur la cavale de<br \/>\nMartin, de nouveaux \u00e9l\u00e9ments surgissent et la pression<br \/>\ns\u2019intensifie. Entre silence, mensonges et arriv\u00e9e d\u2019un haut grad\u00e9<br \/>\nde la Police aux fronti\u00e8res, Martin devient un t\u00e9moin cl\u00e9 qui<br \/>\npourrait faire basculer l\u2019affaire.<br \/>\nPlus belle la vie en avance, Martin retrouv\u00e9 mais en \u00e9tat de<br \/>\nchoc<\/p>\n<p>Idriss se rend chez Luna pour lui annoncer que les empreintes de<br \/>\nMartin ont \u00e9t\u00e9 retrouv\u00e9es dans une camionnette de chantier. Le<br \/>\nconducteur du v\u00e9hicule pourrait \u00eatre impliqu\u00e9 dans la mort d\u2019un<br \/>\nsans-papier. Les enqu\u00eateurs d\u00e9couvrent que la victime et le<br \/>\nconducteur \u00e9taient cousins, mais seul l\u2019un d\u2019eux \u00e9tait en situation<br \/>\nr\u00e9guli\u00e8re. <strong>Un d\u00e9tail intrigue particuli\u00e8rement la<br \/>\npolice<\/strong> : une b\u00e2che a \u00e9t\u00e9 achet\u00e9e, sans jamais \u00eatre<br \/>\nutilis\u00e9e.<\/p>\n<p>Gr\u00e2ce \u00e0 un message re\u00e7u d\u2019un ami, Thomas rep\u00e8re Martin dans un<br \/>\nsnack et alerte imm\u00e9diatement Luna. Lorsqu\u2019elle arrive, Martin est<br \/>\nen larmes, bless\u00e9 et totalement d\u00e9pass\u00e9 par les \u00e9v\u00e9nements. Gabriel<br \/>\nl\u2019ausculte rapidement et se veut rassurant sur le plan m\u00e9dical. La<br \/>\nblessure n\u2019est pas profonde et n\u00e9cessite simplement des<br \/>\nantibiotiques.<\/p>\n<p>En revanche, l\u2019\u00e9tat psychologique de Martin inqui\u00e8te davantage.<br \/>\nGabriel explique \u00e0 Luna que Martin est tr\u00e8s affaibli et qu\u2019il<br \/>\npr\u00e9sente des signes de stress post-traumatique. Selon lui, le<br \/>\ncerveau de Martin est rest\u00e9 en mode alerte et il recommande \u00e0 Luna<br \/>\nd\u2019\u00e9viter toute confrontation <strong>pour ne pas aggraver son<br \/>\n\u00e9tat<\/strong>.<\/p>\n<p>Martin interrog\u00e9 par la police, l\u2019ombre<br \/>\nd\u2019un trafic d\u2019\u00eatres humains<\/p>\n<p>Une fois remis de ses premi\u00e8res \u00e9motions, Martin est interrog\u00e9<br \/>\npar la police dans le cadre de l\u2019enqu\u00eate visant \u00e0 retrouver<br \/>\nSlimani, le conducteur recherch\u00e9. Lorsque les enqu\u00eateurs lui<br \/>\nmontrent une photo, Martin panique et affirme \u00ab\u00a0je le connais pas\u00a0\u00bb.<br \/>\nUne d\u00e9claration qui surprend Idriss et Stanislas, persuad\u00e9s que<br \/>\nMartin cache une partie essentielle de la v\u00e9rit\u00e9.<\/p>\n<p>La situation prend une nouvelle dimension avec l\u2019arriv\u00e9e au<br \/>\nMistral du commandant Hubert Joseph, ex-sup\u00e9rieur d\u2019Idriss \u00e0 la<br \/>\nPolice aux fronti\u00e8res. Il annonce que Slimani est impliqu\u00e9 dans un<br \/>\ntrafic d\u2019\u00eatres humains et se montre d\u00e9termin\u00e9 \u00e0 faire parler<br \/>\nMartin, convaincu qu\u2019il d\u00e9tient des informations cruciales pour<br \/>\nd\u00e9manteler le r\u00e9seau.<\/p>\n<p>Parall\u00e8lement \u00e0 cette enqu\u00eate lourde de cons\u00e9quences, la vie<br \/>\ncontinue au Mistral. Djawad a pass\u00e9 tout le week-end \u00e0 am\u00e9nager son<br \/>\nnouvel appartement avec Ariane. Malgr\u00e9 une fausse alerte provoqu\u00e9e<br \/>\npar Zo\u00e9, Ariane d\u00e9couvre finalement la d\u00e9coration et une photo du<br \/>\ncouple soigneusement encadr\u00e9e. Touch\u00e9e, elle appr\u00e9cie l\u2019attention<br \/>\nde Djawad, tandis que Bouchon se manifeste dans son ventre, comme<br \/>\npour valider ce nouveau d\u00e9part.<\/p>\n<p>Entre tension polici\u00e8re, traumatisme et moments plus l\u00e9gers,<br \/>\nl\u2019\u00e9pisode 496 pose les bases d\u2019une intrigue qui s\u2019annonce de plus<br \/>\nen plus dangereuse pour Martin, d\u00e9sormais au c\u0153ur d\u2019une affaire qui<br \/>\nd\u00e9passe largement sa simple cavale.<\/p>\n","protected":false},"excerpt":{"rendered":"Apr\u00e8s plusieurs jours de disparition, l\u2019\u00e9pisode 496 de Plus belle la vie, diffus\u00e9 le mardi 13 janvier 2026&hellip;\n","protected":false},"author":2,"featured_media":659887,"comment_status":"","ping_status":"","sticky":false,"template":"","format":"standard","meta":{"footnotes":""},"categories":[1356],"tags":[10281,58,59,1011,27,1368,252,1364],"class_list":{"0":"post-659886","1":"post","2":"type-post","3":"status-publish","4":"format-standard","5":"has-post-thumbnail","7":"category-television","8":"tag-buzz-nonli","9":"tag-divertissement","10":"tag-entertainment","11":"tag-fr","12":"tag-france","13":"tag-plus-belle-la-vie","14":"tag-television","15":"tag-tv"},"share_on_mastodon":{"url":"https:\/\/pubeurope.com\/@fr\/115885961706464267","error":""},"_links":{"self":[{"href":"https:\/\/www.europesays.com\/fr\/wp-json\/wp\/v2\/posts\/659886","targetHints":{"allow":["GET"]}}],"collection":[{"href":"https:\/\/www.europesays.com\/fr\/wp-json\/wp\/v2\/posts"}],"about":[{"href":"https:\/\/www.europesays.com\/fr\/wp-json\/wp\/v2\/types\/post"}],"author":[{"embeddable":true,"href":"https:\/\/www.europesays.com\/fr\/wp-json\/wp\/v2\/users\/2"}],"replies":[{"embeddable":true,"href":"https:\/\/www.europesays.com\/fr\/wp-json\/wp\/v2\/comments?post=659886"}],"version-history":[{"count":0,"href":"https:\/\/www.europesays.com\/fr\/wp-json\/wp\/v2\/posts\/659886\/revisions"}],"wp:featuredmedia":[{"embeddable":true,"href":"https:\/\/www.europesays.com\/fr\/wp-json\/wp\/v2\/media\/659887"}],"wp:attachment":[{"href":"https:\/\/www.europesays.com\/fr\/wp-json\/wp\/v2\/media?parent=659886"}],"wp:term":[{"taxonomy":"category","embeddable":true,"href":"https:\/\/www.europesays.com\/fr\/wp-json\/wp\/v2\/categories?post=659886"},{"taxonomy":"post_tag","embeddable":true,"href":"https:\/\/www.europesays.com\/fr\/wp-json\/wp\/v2\/tags?post=659886"}],"curies":[{"name":"wp","href":"https:\/\/api.w.org\/{rel}","templated":true}]}}