{"id":659888,"date":"2026-01-13T04:43:35","date_gmt":"2026-01-13T04:43:35","guid":{"rendered":"https:\/\/www.europesays.com\/fr\/659888\/"},"modified":"2026-01-13T04:43:35","modified_gmt":"2026-01-13T04:43:35","slug":"sur-le-chantier-du-musee-du-hip-hop-dans-le-bronx","status":"publish","type":"post","link":"https:\/\/www.europesays.com\/fr\/659888\/","title":{"rendered":"Sur le chantier du mus\u00e9e du hip-hop dans le Bronx"},"content":{"rendered":"<p class=\"PopSlotParagraph qg-tx2 qg-xtra-lh svelte-1r0pyek\">C&rsquo;est Rocky Bucano, pionnier du hip-hop et fondateur du\u00a0<a href=\"https:\/\/thhm.org\/\" target=\"_blank\" rel=\"noopener noreferrer\" class=\"\" data-testid=\"link\">mus\u00e9e<\/a>, qui nous entraine dans l&rsquo;immense b\u00e2timent construit symboliquement \u00e0 la fronti\u00e8re du Bronx et d&rsquo;Harlem, \u00e0 quelques centaines de m\u00e8tres seulement du lieu de la mythique premi\u00e8re block party de l&rsquo;Histoire, organis\u00e9e en 73 par le nom moins mythique DJ Kool Herc. Munis de chaussures de s\u00e9curit\u00e9, d&rsquo;un casque et d&rsquo;un gilet jaune, nous arpentons les 5000 m2 du mus\u00e9e toujours en chantier. C&rsquo;est d&rsquo;ailleurs presque aberrant qu&rsquo;une telle institution n&rsquo;aie pas vu le jour plus t\u00f4t. Mais Rocky Bucano, qui travaille depuis 16 ans sur ce projet, m&rsquo;explique les raisons d&rsquo;un tel paradoxe\u00a0:<\/p>\n<p class=\"PopSlotParagraph qg-tx2 qg-xtra-lh svelte-1r0pyek\">\u00ab\u00a0En fait, \u00e7a n\u2019a rien d\u2019\u00e9vident\u2026 puisque \u00e7a n\u2019a jamais \u00e9t\u00e9 fait\u00a0! Et la raison, c\u2019est que construire un mus\u00e9e de classe internationale est un processus tr\u00e8s long et tr\u00e8s complexe\u00a0! Bien s\u00fbr, beaucoup de gens ont d\u00e9j\u00e0 pens\u00e9 \u00e0 ouvrir un mus\u00e9e du hip-hop, mais la plupart d\u2019entre eux n\u2019ont pas vraiment conscience de ce que \u00e7a implique de cr\u00e9er une grande institution culturelle, qui serait respect\u00e9e par les plus grands mus\u00e9es, du Louvre au Prado en passant par le Guggenheim et le MoMA. Notre mus\u00e9e pourra les regarder sans rougir, et je ne dis pas \u00e7a par vanit\u00e9 mais parce que nous avons m\u00e9ticuleusement travaill\u00e9 son design, sa sc\u00e9nographie, ses collections, sa chronologie historique\u2026 Nous avons aussi de grandes ambitions sur la question de la conservation des \u0153uvres, nous nous sommes assur\u00e9 que les tr\u00e9sors du hip-hop seront correctement prot\u00e9g\u00e9s et pr\u00e9serv\u00e9s. Les normes mus\u00e9ales les plus \u00e9lev\u00e9es sont scrupuleusement respect\u00e9es\u00a0\u00bb<\/p>\n<p class=\"PopSlotParagraph qg-tx2 qg-xtra-lh svelte-1r0pyek\">Un peu plus loin, c&rsquo;est un m\u00e9tro enti\u00e8rement tagu\u00e9 que les visiteurs pourront admirer. Car le street art, qui s&rsquo;invite maintenant dans les galeries d&rsquo;art les plus prestigieuses est lui aussi n\u00e9 ici dans le Bronx, comme en t\u00e9moigne le sexag\u00e9naire\u00a0<a href=\"https:\/\/www.instagram.com\/edward_graffiti\/?hl=fr\" target=\"_blank\" rel=\"noopener noreferrer\" class=\"\" data-testid=\"link\">Staff 161<\/a>\u00a0:<\/p>\n<p class=\"PopSlotParagraph qg-tx2 qg-xtra-lh svelte-1r0pyek\">\u00ab\u00a0Le Bronx est devenu synonyme de bidonville, tellement la mis\u00e8re est historiquement li\u00e9e \u00e0 ce coin de New York. Au d\u00e9but des ann\u00e9es 70, il y a avait beaucoup de gangs, beaucoup de drogue, beaucoup de d\u00e9sesp\u00e9rance. Mais parfois, dans ce genre de contexte, le d\u00e9sespoir engendre l\u2019espoir, et m\u00eame des envies festives. Les gens d\u00e9sesp\u00e9r\u00e9s peuvent devenir tr\u00e8s cr\u00e9atifs\u00a0! Nous, dans le \u00ab\u00a0South Bronx\u00a0\u00bb, on s\u2019est mis \u00e0 chanter, \u00e0 danser\u2026 et \u00e0 peindre. On a d\u00e9couvert les bombes de peinture, qui avaient \u00e9t\u00e9 invent\u00e9es dans l\u2019Illinois \u00e0 la fin des ann\u00e9es 40 pour peindre des meubles, des cl\u00f4tures et des v\u00e9los\u2026 mais pas du tout pour \u00e9crire et dessiner\u00a0! \u00c7a, c\u2019est l\u2019invention d\u2019une poign\u00e9e de personnes opprim\u00e9es, qui voulaient redonner de l\u2019espoir aux habitants du South Bronx\u00a0!\u00a0\u00bb<\/p>\n<p class=\"PopSlotParagraph qg-tx2 qg-xtra-lh svelte-1r0pyek\">Ce pr\u00e9curseur, qui expose actuellement dans une annexe du mus\u00e9e, est bien s\u00fbr impatient d&rsquo;assister \u00e0 l&rsquo;inauguration et de d\u00e9couvrir les collections constitu\u00e9es par l&rsquo;\u00e9quipe de Rocky Bucano\u00a0:<\/p>\n<p class=\"PopSlotParagraph qg-tx2 qg-xtra-lh svelte-1r0pyek\">\u00ab\u00a0On pourra y admirer toutes sortes d\u2019objets datant des balbutiements du Hip-Hop. Des flyers, des cassettes, des platines, des micros, des v\u00eatements, des peintures. Nous avons aussi la couronne que Notorious BIG avait l\u2019habitude de porter, on a des trucs qui appartiennent au Wu-Tang, \u00e0 Run-DMC, \u00e0 Missy Elliott&#8230; Toutes ces choses t\u00e9moignent de comment le hip-hop est peu \u00e0 peu devenu une culture populaire. D\u2019ailleurs, nous travaillons avec le Bureau de l\u2019Education de New York, parce que tout ce qu\u2019on met en place dans ce mus\u00e9e, c\u2019est pour \u00e9duquer les enfants, mais aussi les adultes, bref toutes les personnes qui veulent apprendre l\u2019Histoire du Hip-Hop et d\u00e9couvrir la cr\u00e9ativit\u00e9 et toutes les belles choses que ce mouvement a fait naitre. Le but est aussi d\u2019inspirer une nouvelle g\u00e9n\u00e9ration d\u2019artistes et d\u2019entrepreneurs, pour que le hip-hop continue de rayonner pendant les 50 prochaines ann\u00e9es\u00a0!\u00a0\u00bb<\/p>\n<p class=\"PopSlotParagraph qg-tx2 qg-xtra-lh svelte-1r0pyek\">Avec son auditorium de 170 places et son studio de radio, le Hip Hop Museum sera r\u00e9guli\u00e8rement ambianc\u00e9 par les artistes. Des l\u00e9gendes du rap comme Grandmaster Flash, Kurtis Blow et Snoop Dogg ont d&rsquo;ailleurs mis la main \u00e0 la poche. Le New-Yorkais Nas a m\u00eame sign\u00e9 un ch\u00e8que d&rsquo;1 million de dollars\u00a0!<\/p>\n<p>  <img decoding=\"async\" class=\"Image-preview  svelte-1b9cmvl\" data-testid=\"image-preview\" src=\"data:image\/jpeg;charset=utf-8;base64, \/9j\/2wBDACgcHiMeGSgjISMtKygwPGRBPDc3PHtYXUlkkYCZlo+AjIqgtObDoKrarYqMyP\/L2u71\/\/\/\/m8H\/\/\/\/6\/+b9\/\/j\/2wBDASstLTw1PHZBQXb4pYyl+Pj4+Pj4+Pj4+Pj4+Pj4+Pj4+Pj4+Pj4+Pj4+Pj4+Pj4+Pj4+Pj4+Pj4+Pj4+Pj4+Pj\/wAARCAASACoDASIAAhEBAxEB\/8QAFwABAQEBAAAAAAAAAAAAAAAAAAIBA\/\/EABgQAQEBAQEAAAAAAAAAAAAAAAABEgIR\/8QAFgEBAQEAAAAAAAAAAAAAAAAAAAED\/8QAFREBAQAAAAAAAAAAAAAAAAAAABH\/2gAMAwEAAhEDEQA\/AItZ6m1NrZk6aNOWjSC70nSL0zRR0qKCjAEE1gIr\/9k=\" alt=\"\" aria-hidden=\"false\"\/>     <img decoding=\"async\" src=\"https:\/\/www.europesays.com\/fr\/wp-content\/uploads\/2026\/01\/860_sc_20251108-123252.jpg\" loading=\"lazy\" fetchpriority=\"low\" width=\"860\" height=\"387\" class=\"Image-main  svelte-1b9cmvl rounded\" data-testid=\"image-src\" alt=\"La fa\u00e7ade du HHM\" aria-hidden=\"false\" onload=\"this.__e=event\" onerror=\"this.__e=event\"\/> La fa\u00e7ade du HHM \u00a9 Radio France &#8211; Alexis Demeyer  <img decoding=\"async\" class=\"Image-preview  svelte-1b9cmvl\" data-testid=\"image-preview\" src=\"data:image\/jpeg;charset=utf-8;base64, \/9j\/2wBDACgcHiMeGSgjISMtKygwPGRBPDc3PHtYXUlkkYCZlo+AjIqgtObDoKrarYqMyP\/L2u71\/\/\/\/m8H\/\/\/\/6\/+b9\/\/j\/2wBDASstLTw1PHZBQXb4pYyl+Pj4+Pj4+Pj4+Pj4+Pj4+Pj4+Pj4+Pj4+Pj4+Pj4+Pj4+Pj4+Pj4+Pj4+Pj4+Pj4+Pj\/wAARCAASACoDASIAAhEBAxEB\/8QAGAAAAwEBAAAAAAAAAAAAAAAAAAIDAQT\/xAAYEAEBAQEBAAAAAAAAAAAAAAAAAQISEf\/EABYBAQEBAAAAAAAAAAAAAAAAAAIAAf\/EABURAQEAAAAAAAAAAAAAAAAAAAAB\/9oADAMBAAIRAxEAPwDmsZ4pStrGSKZIaKJfFV6c+abohRpQBINgCip40A4Ff\/\/Z\" alt=\"\" aria-hidden=\"false\"\/>     <img decoding=\"async\" src=\"https:\/\/www.europesays.com\/fr\/wp-content\/uploads\/2026\/01\/860_sc_20251108-123447.jpg\" loading=\"lazy\" fetchpriority=\"low\" width=\"860\" height=\"387\" class=\"Image-main  svelte-1b9cmvl rounded\" data-testid=\"image-src\" alt=\"Il \u00e9tait une fois le Bronx\" aria-hidden=\"false\" onload=\"this.__e=event\" onerror=\"this.__e=event\"\/> Il \u00e9tait une fois le Bronx \u00a9 Radio France &#8211; Alexis Demeyer  <img decoding=\"async\" class=\"Image-preview  svelte-1b9cmvl\" data-testid=\"image-preview\" src=\"data:image\/jpeg;charset=utf-8;base64, \/9j\/2wBDACgcHiMeGSgjISMtKygwPGRBPDc3PHtYXUlkkYCZlo+AjIqgtObDoKrarYqMyP\/L2u71\/\/\/\/m8H\/\/\/\/6\/+b9\/\/j\/2wBDASstLTw1PHZBQXb4pYyl+Pj4+Pj4+Pj4+Pj4+Pj4+Pj4+Pj4+Pj4+Pj4+Pj4+Pj4+Pj4+Pj4+Pj4+Pj4+Pj4+Pj\/wAARCAASACoDASIAAhEBAxEB\/8QAGAAAAwEBAAAAAAAAAAAAAAAAAAECAwT\/xAAYEAEBAQEBAAAAAAAAAAAAAAAAAQISEf\/EABYBAQEBAAAAAAAAAAAAAAAAAAABAv\/EABQRAQAAAAAAAAAAAAAAAAAAAAD\/2gAMAwEAAhEDEQA\/AFUVpU2NImNM1HioDfOl9ueU+kCIACAAAACv\/9k=\" alt=\"\" aria-hidden=\"false\"\/>     <img decoding=\"async\" src=\"https:\/\/www.europesays.com\/fr\/wp-content\/uploads\/2026\/01\/860_sc_20251107-164307.jpg\" loading=\"lazy\" fetchpriority=\"low\" width=\"860\" height=\"387\" class=\"Image-main  svelte-1b9cmvl rounded\" data-testid=\"image-src\" alt=\"It was all a dream\" aria-hidden=\"false\" onload=\"this.__e=event\" onerror=\"this.__e=event\"\/> It was all a dream \u00a9 Radio France &#8211; Alexis Demeyer  <img decoding=\"async\" class=\"Image-preview  svelte-1b9cmvl\" data-testid=\"image-preview\" src=\"data:image\/jpeg;charset=utf-8;base64, \/9j\/2wBDACgcHiMeGSgjISMtKygwPGRBPDc3PHtYXUlkkYCZlo+AjIqgtObDoKrarYqMyP\/L2u71\/\/\/\/m8H\/\/\/\/6\/+b9\/\/j\/2wBDASstLTw1PHZBQXb4pYyl+Pj4+Pj4+Pj4+Pj4+Pj4+Pj4+Pj4+Pj4+Pj4+Pj4+Pj4+Pj4+Pj4+Pj4+Pj4+Pj4+Pj\/wAARCAAXACoDASIAAhEBAxEB\/8QAFwABAQEBAAAAAAAAAAAAAAAAAgABA\/\/EABgQAQEBAQEAAAAAAAAAAAAAAAABAhES\/8QAFgEBAQEAAAAAAAAAAAAAAAAAAQAC\/8QAFREBAQAAAAAAAAAAAAAAAAAAAAH\/2gAMAwEAAhEDEQA\/AN62UJSgJ9V0PRtSP0z05XTPQJZOJFlVz0kiFrOpMUv\/2Q==\" alt=\"\" aria-hidden=\"false\"\/>     <img decoding=\"async\" src=\"https:\/\/www.europesays.com\/fr\/wp-content\/uploads\/2026\/01\/860_sc_20251107-172621.jpg\" loading=\"lazy\" fetchpriority=\"low\" width=\"860\" height=\"481\" class=\"Image-main  svelte-1b9cmvl rounded\" data-testid=\"image-src\" alt=\"Rocky Bucano, directeur du HHM\" aria-hidden=\"false\" onload=\"this.__e=event\" onerror=\"this.__e=event\"\/> Rocky Bucano, directeur du HHM \u00a9 Radio France &#8211; Alexis Demeyer  <img decoding=\"async\" class=\"Image-preview  svelte-1b9cmvl\" data-testid=\"image-preview\" src=\"data:image\/jpeg;charset=utf-8;base64, \/9j\/2wBDACgcHiMeGSgjISMtKygwPGRBPDc3PHtYXUlkkYCZlo+AjIqgtObDoKrarYqMyP\/L2u71\/\/\/\/m8H\/\/\/\/6\/+b9\/\/j\/2wBDASstLTw1PHZBQXb4pYyl+Pj4+Pj4+Pj4+Pj4+Pj4+Pj4+Pj4+Pj4+Pj4+Pj4+Pj4+Pj4+Pj4+Pj4+Pj4+Pj4+Pj\/wAARCAAWACoDASIAAhEBAxEB\/8QAFwAAAwEAAAAAAAAAAAAAAAAAAAECA\/\/EABcQAQEBAQAAAAAAAAAAAAAAAAABEQL\/xAAWAQEBAQAAAAAAAAAAAAAAAAABAgT\/xAAXEQEBAQEAAAAAAAAAAAAAAAAAARIC\/9oADAMBAAIRAxEAPwDPRqNM6GVaVpFaZ0LyLS1NqdXpOWsVgDM0CxHQBiazpALiX\/\/Z\" alt=\"\" aria-hidden=\"false\"\/>     <img decoding=\"async\" src=\"https:\/\/www.europesays.com\/fr\/wp-content\/uploads\/2026\/01\/860_sc_20251107-170257.jpg\" loading=\"lazy\" fetchpriority=\"low\" width=\"860\" height=\"465\" class=\"Image-main  svelte-1b9cmvl rounded\" data-testid=\"image-src\" alt=\"La vue sur la Harlem River\" aria-hidden=\"false\" onload=\"this.__e=event\" onerror=\"this.__e=event\"\/> La vue sur la Harlem River \u00a9 Radio France &#8211; Alexis Demeyer  <img decoding=\"async\" class=\"Image-preview  svelte-1b9cmvl\" data-testid=\"image-preview\" src=\"data:image\/jpeg;charset=utf-8;base64, \/9j\/2wBDACgcHiMeGSgjISMtKygwPGRBPDc3PHtYXUlkkYCZlo+AjIqgtObDoKrarYqMyP\/L2u71\/\/\/\/m8H\/\/\/\/6\/+b9\/\/j\/2wBDASstLTw1PHZBQXb4pYyl+Pj4+Pj4+Pj4+Pj4+Pj4+Pj4+Pj4+Pj4+Pj4+Pj4+Pj4+Pj4+Pj4+Pj4+Pj4+Pj4+Pj\/wAARCAASACoDASIAAhEBAxEB\/8QAFwABAQEBAAAAAAAAAAAAAAAAAAIBA\/\/EABcQAQEBAQAAAAAAAAAAAAAAAAARAQL\/xAAWAQEBAQAAAAAAAAAAAAAAAAABAAL\/xAAWEQEBAQAAAAAAAAAAAAAAAAAAEQH\/2gAMAwEAAhEDEQA\/AMzpWdOOdKzpUx0rKmsopi6VFaDHDF4BGKAZbaAg\/9k=\" alt=\"\" aria-hidden=\"false\"\/>     <img decoding=\"async\" src=\"https:\/\/www.europesays.com\/fr\/wp-content\/uploads\/2026\/01\/860_sc_20251107-170000.jpg\" loading=\"lazy\" fetchpriority=\"low\" width=\"860\" height=\"387\" class=\"Image-main  svelte-1b9cmvl rounded\" data-testid=\"image-src\" alt=\"Work in progress\" aria-hidden=\"false\" onload=\"this.__e=event\" onerror=\"this.__e=event\"\/> Work in progress \u00a9 Radio France &#8211; Alexis Demeyer  <img decoding=\"async\" class=\"Image-preview  svelte-1b9cmvl\" data-testid=\"image-preview\" src=\"data:image\/jpeg;charset=utf-8;base64, \/9j\/2wBDACgcHiMeGSgjISMtKygwPGRBPDc3PHtYXUlkkYCZlo+AjIqgtObDoKrarYqMyP\/L2u71\/\/\/\/m8H\/\/\/\/6\/+b9\/\/j\/2wBDASstLTw1PHZBQXb4pYyl+Pj4+Pj4+Pj4+Pj4+Pj4+Pj4+Pj4+Pj4+Pj4+Pj4+Pj4+Pj4+Pj4+Pj4+Pj4+Pj4+Pj\/wAARCAASACoDASIAAhEBAxEB\/8QAGAABAQEBAQAAAAAAAAAAAAAAAgADAQT\/xAAXEAEBAQEAAAAAAAAAAAAAAAAAAREC\/8QAFwEBAQEBAAAAAAAAAAAAAAAAAQIAA\/\/EABYRAQEBAAAAAAAAAAAAAAAAAAARAf\/aAAwDAQACEQMRAD8APQWHXMThDFh4NiqGdHS6A0R664k5rQ1JQZ9M0mZ\/\/9k=\" alt=\"\" aria-hidden=\"false\"\/>     <img decoding=\"async\" src=\"https:\/\/www.europesays.com\/fr\/wp-content\/uploads\/2026\/01\/860_sc_20251107-165753.jpg\" loading=\"lazy\" fetchpriority=\"low\" width=\"860\" height=\"387\" class=\"Image-main  svelte-1b9cmvl rounded\" data-testid=\"image-src\" alt=\"What's the flavor ?\" aria-hidden=\"false\" onload=\"this.__e=event\" onerror=\"this.__e=event\"\/> What&rsquo;s the flavor ? \u00a9 Radio France &#8211; Alexis Demeyer  <img decoding=\"async\" class=\"Image-preview  svelte-1b9cmvl\" data-testid=\"image-preview\" src=\"data:image\/jpeg;charset=utf-8;base64, \/9j\/2wBDACgcHiMeGSgjISMtKygwPGRBPDc3PHtYXUlkkYCZlo+AjIqgtObDoKrarYqMyP\/L2u71\/\/\/\/m8H\/\/\/\/6\/+b9\/\/j\/2wBDASstLTw1PHZBQXb4pYyl+Pj4+Pj4+Pj4+Pj4+Pj4+Pj4+Pj4+Pj4+Pj4+Pj4+Pj4+Pj4+Pj4+Pj4+Pj4+Pj4+Pj\/wAARCAASACoDASIAAhEBAxEB\/8QAGQAAAwADAAAAAAAAAAAAAAAAAAIDAQQF\/8QAFxABAQEBAAAAAAAAAAAAAAAAAAIBEf\/EABUBAQEAAAAAAAAAAAAAAAAAAAAB\/8QAFBEBAAAAAAAAAAAAAAAAAAAAAP\/aAAwDAQACEQMRAD8A5+KTicrSB5w3GZw3AJpT0QGtK0AILycAVOkwAf\/Z\" alt=\"\" aria-hidden=\"false\"\/>     <img decoding=\"async\" src=\"https:\/\/www.europesays.com\/fr\/wp-content\/uploads\/2026\/01\/860_sc_20251107-165024.jpg\" loading=\"lazy\" fetchpriority=\"low\" width=\"860\" height=\"387\" class=\"Image-main  svelte-1b9cmvl rounded\" data-testid=\"image-src\" alt=\"Watch your step !\" aria-hidden=\"false\" onload=\"this.__e=event\" onerror=\"this.__e=event\"\/> Watch your step ! \u00a9 Radio France &#8211; Alexis Demeyer  <img decoding=\"async\" class=\"Image-preview  svelte-1b9cmvl\" data-testid=\"image-preview\" src=\"data:image\/jpeg;charset=utf-8;base64, \/9j\/2wBDACgcHiMeGSgjISMtKygwPGRBPDc3PHtYXUlkkYCZlo+AjIqgtObDoKrarYqMyP\/L2u71\/\/\/\/m8H\/\/\/\/6\/+b9\/\/j\/2wBDASstLTw1PHZBQXb4pYyl+Pj4+Pj4+Pj4+Pj4+Pj4+Pj4+Pj4+Pj4+Pj4+Pj4+Pj4+Pj4+Pj4+Pj4+Pj4+Pj4+Pj\/wAARCAASACoDASIAAhEBAxEB\/8QAGAABAQEBAQAAAAAAAAAAAAAAAAECAwT\/xAAWEAEBAQAAAAAAAAAAAAAAAAAAARH\/xAAWAQEBAQAAAAAAAAAAAAAAAAABAAL\/xAAWEQEBAQAAAAAAAAAAAAAAAAAAEQH\/2gAMAwEAAhEDEQA\/APFFFVMMMFgpiyLixrBTHBQKwWAGm42AZf\/Z\" alt=\"\" aria-hidden=\"false\"\/>     <img decoding=\"async\" src=\"https:\/\/www.europesays.com\/fr\/wp-content\/uploads\/2026\/01\/860_sc_20251107-172643.jpg\" loading=\"lazy\" fetchpriority=\"low\" width=\"860\" height=\"387\" class=\"Image-main  svelte-1b9cmvl rounded\" data-testid=\"image-src\" alt=\"Pump up the volume\" aria-hidden=\"false\" onload=\"this.__e=event\" onerror=\"this.__e=event\"\/> Pump up the volume \u00a9 Radio France &#8211; Alexis Demeyer <script async src=\"\/\/www.instagram.com\/embed.js\"><\/script><\/p>\n","protected":false},"excerpt":{"rendered":"C&rsquo;est Rocky Bucano, pionnier du hip-hop et fondateur du\u00a0mus\u00e9e, qui nous entraine dans l&rsquo;immense b\u00e2timent construit symboliquement \u00e0&hellip;\n","protected":false},"author":2,"featured_media":659889,"comment_status":"","ping_status":"","sticky":false,"template":"","format":"standard","meta":{"footnotes":""},"categories":[1355],"tags":[58,59,1011,27,1361,873],"class_list":{"0":"post-659888","1":"post","2":"type-post","3":"status-publish","4":"format-standard","5":"has-post-thumbnail","7":"category-musique","8":"tag-divertissement","9":"tag-entertainment","10":"tag-fr","11":"tag-france","12":"tag-music","13":"tag-musique"},"share_on_mastodon":{"url":"https:\/\/pubeurope.com\/@fr\/115885965925701383","error":""},"_links":{"self":[{"href":"https:\/\/www.europesays.com\/fr\/wp-json\/wp\/v2\/posts\/659888","targetHints":{"allow":["GET"]}}],"collection":[{"href":"https:\/\/www.europesays.com\/fr\/wp-json\/wp\/v2\/posts"}],"about":[{"href":"https:\/\/www.europesays.com\/fr\/wp-json\/wp\/v2\/types\/post"}],"author":[{"embeddable":true,"href":"https:\/\/www.europesays.com\/fr\/wp-json\/wp\/v2\/users\/2"}],"replies":[{"embeddable":true,"href":"https:\/\/www.europesays.com\/fr\/wp-json\/wp\/v2\/comments?post=659888"}],"version-history":[{"count":0,"href":"https:\/\/www.europesays.com\/fr\/wp-json\/wp\/v2\/posts\/659888\/revisions"}],"wp:featuredmedia":[{"embeddable":true,"href":"https:\/\/www.europesays.com\/fr\/wp-json\/wp\/v2\/media\/659889"}],"wp:attachment":[{"href":"https:\/\/www.europesays.com\/fr\/wp-json\/wp\/v2\/media?parent=659888"}],"wp:term":[{"taxonomy":"category","embeddable":true,"href":"https:\/\/www.europesays.com\/fr\/wp-json\/wp\/v2\/categories?post=659888"},{"taxonomy":"post_tag","embeddable":true,"href":"https:\/\/www.europesays.com\/fr\/wp-json\/wp\/v2\/tags?post=659888"}],"curies":[{"name":"wp","href":"https:\/\/api.w.org\/{rel}","templated":true}]}}