{"id":659892,"date":"2026-01-13T04:48:30","date_gmt":"2026-01-13T04:48:30","guid":{"rendered":"https:\/\/www.europesays.com\/fr\/659892\/"},"modified":"2026-01-13T04:48:30","modified_gmt":"2026-01-13T04:48:30","slug":"tfc-demba-diop-adaptation-express-trois-entrainements-dans-les-jambes-pour-la-recrue-toulousaine-et-une-premiere-sortie-taille-patron-a-angers","status":"publish","type":"post","link":"https:\/\/www.europesays.com\/fr\/659892\/","title":{"rendered":"TFC\u00a0: Demba Diop, adaptation express\u00a0! Trois entra\u00eenements dans les jambes pour la recrue toulousaine et une premi\u00e8re sortie taille patron \u00e0 Angers"},"content":{"rendered":"<p>\n                                                                    l&rsquo;essentiel<br \/>\n                                                                Rempla\u00e7ant du Ghan\u00e9en Francis Abu, bless\u00e9 jusqu\u2019\u00e0 la fin de la saison, le milieu s\u00e9n\u00e9galais Pape Demba Diop a sign\u00e9 mercredi 7\u00a0janvier \u00e0 Toulouse, pr\u00eat\u00e9 par Strasbourg. Et n\u2019a pas tard\u00e9 \u00e0 se mettre en \u00e9vidence lors de la qualification pour les 8es de finale de la Coupe de France \u00e0 Angers samedi (1-1, 5-6 tab)\u2026 Focus.\n                            <\/p>\n<p>Lucky Luke. Arriv\u00e9e \u00e0 destination mercredi, trois s\u00e9ances dans le sac \u00e0 dos et, ce samedi, une premi\u00e8re titularisation dans l\u2019entrejeu t\u00e9f\u00e9ciste. Pr\u00e9pos\u00e9 aux coups de pied arr\u00eat\u00e9s\u00a0! \u00c0 l\u2019image du c\u00e9l\u00e8bre cow-boy du Far-West, Demba Diop (22 ans) n\u2019est pas loin de d\u00e9gainer aussi vite que son ombre.<\/p>\n<p>        <img decoding=\"async\" class=\"std-img__img responsive-img\" src=\"https:\/\/www.europesays.com\/fr\/wp-content\/uploads\/2026\/01\/1768279710_775_image.jpg\" alt=\"\u00c0 la lutte avec l\u2019Angevin Amine Sba\u00ef.\"\/><\/p>\n<p>                \u00c0 la lutte avec l\u2019Angevin Amine Sba\u00ef.<br \/>\n                                    MAXPPP &#8211; JOSSELIN CLAIR<\/p>\n<p>Oui, deux fois oui, on ne peut pas dire que la derni\u00e8re recrue du TFC a ch\u00f4m\u00e9\u00a0depuis son \u00ab\u00a0rapatriement\u00a0\u00bb d\u2019Allemagne (Nuremberg\/D2) par le Racing Strasbourg qui a cass\u00e9 son pr\u00eat dans l\u2019antichambre de la Bundesliga afin qu\u2019il s\u2019aguerrisse avec Toulouse\u00a0\u00e0 la L1.<\/p>\n<p class=\"std-elt__inline\">\n        <strong>\u00c0 lire aussi :<\/strong><br \/>\n        <a href=\"https:\/\/www.ladepeche.fr\/2026\/01\/11\/tfc-touche-sud-americaine-retours-pitchouns-qui-se-mettent-en-evidence-ce-quil-faut-retenir-de-la-qualification-de-toulouse-a-angers-13156028.php\" target=\"_blank\" rel=\"noopener\">TFC\u00a0: touche sud-am\u00e9ricaine, retours, Pitchouns qui se mettent en \u00e9vidence\u2026 Ce qu\u2019il faut retenir de la qualification de Toulouse \u00e0 Angers<\/a>\n    <\/p>\n<p>Diop, pr\u00e9nom double Pape Demba mais l\u2019int\u00e9ress\u00e9 veut que son maillot soit floqu\u00e9 Demba, ne s\u2019est ainsi pas manqu\u00e9. Mieux\u00a0: celui qui a \u00e9t\u00e9 form\u00e9 \u00e0 l\u2019acad\u00e9mie qu\u2019on ne pr\u00e9sente plus de Diambars au S\u00e9n\u00e9gal, a \u00e9t\u00e9 l\u2019auteur de d\u00e9buts remarqu\u00e9s sur la pelouse\u00a0Raymond-Kopa.<\/p>\n<p class=\"std-elt__inline\">\n        <strong>\u00c0 lire aussi :<\/strong><br \/>\n        <a href=\"https:\/\/www.ladepeche.fr\/2026\/01\/11\/mercato-tfc-le-seville-fc-serait-passe-a-laction-pour-recruter-cristian-casseres-quel-prix-pour-le-venezuelien-de-toulouse-13156083.php\" target=\"_blank\" rel=\"noopener\">MERCATO TFC\u00a0: le S\u00e9ville FC serait pass\u00e9 \u00e0 l\u2019action pour recruter Cristian Casseres, quel prix pour le V\u00e9n\u00e9zu\u00e9lien de Toulouse\u00a0?<\/a>\n    <\/p>\n<p>Floril\u00e8ge en trois\u00a0actes\u00a0: corner sur la t\u00eate de Cresswell (14), au pressing sur Belkebla oblig\u00e9 de reculer (24), demande le ballon dos au but (32). Sans oublier une biscotte pour une faute \u00ab\u00a0tactique\u00a0\u00bb sur Capelle (56e) alors qu\u2019en son \u00e9quipe poussait pour doubler la\u00a0mise.<\/p>\n<p class=\"std-elt__inline\">\n        <strong>\u00c0 lire aussi :<\/strong><br \/>\n        <a href=\"https:\/\/www.ladepeche.fr\/2026\/01\/10\/angers-tfc-on-a-prouve-que-lon-etait-pret-pour-les-tirs-au-but-la-reaction-du-gardien-kjetil-haug-decisif-lors-de-la-qualification-13154976.php\" target=\"_blank\" rel=\"noopener\">Angers \u2013 TFC\u00a0: \u00ab\u00a0On a prouv\u00e9 que l\u2019on \u00e9tait pr\u00eats pour les tirs au but\u00a0\u00bb\u2026 La r\u00e9action du gardien Kjetil Haug, d\u00e9cisif lors de la qualification en Coupe de France<\/a>\n    <\/p>\n<p>Beau pied droit en r\u00e9sum\u00e9, gros travailleur, \u00e9galement \u00e0 l\u2019aise \u00e0 la baguette comme \u00e0 la relance\u00a0: un vrai 8. Le profil que le board toulousain s\u2019\u00e9tait mis en qu\u00eate de ferrer.<\/p>\n<p class=\"std-elt__inline\">\n        <strong>\u00c0 lire aussi :<\/strong><br \/>\n        <a href=\"https:\/\/www.ladepeche.fr\/2026\/01\/11\/analyse-tfc-haug-brille-au-soleil-couchant-on-vous-explique-pourquoi-le-gardien-toulousain-est-le-heros-de-la-qualification-a-angers-13155274.php\" target=\"_blank\" rel=\"noopener\">ANALYSE. TFC\u00a0: Haug brille au soleil couchant\u00a0! On vous explique pourquoi le gardien toulousain est le h\u00e9ros de la qualification \u00e0 Angers<\/a>\n    <\/p>\n<p>\u00ab\u00a0J\u2019ai observ\u00e9 nombre de ses matchs, je savais que Demba avait ce c\u00f4t\u00e9 leader en lui, opine du chef son nouvel entra\u00eeneur Carles Martinez Novell. Il se retrouve \u00e0 \u00eatre titulaire aujourd\u2019hui et il a d\u00e9j\u00e0 montr\u00e9 pas mal de choses. En match comme \u00e0 l\u2019entra\u00eenement\u00a0: on a l\u2019impression qu\u2019il est parmi nous depuis le d\u00e9but de la saison. Ce n\u2019est pas facile, pourtant, quand au d\u00e9part tu ne connais pas l\u2019\u00e9quipe\u2026 Ce n\u2019\u00e9tait pas ais\u00e9 non plus de convertir son penalty. Il n\u2019a pas trembl\u00e9.\u00a0\u00bb Pour trouver le soupirail de Pona, pris de surcro\u00eet \u00e0 contrepied. Du travail de pro.<\/p>\n","protected":false},"excerpt":{"rendered":"l&rsquo;essentiel Rempla\u00e7ant du Ghan\u00e9en Francis Abu, bless\u00e9 jusqu\u2019\u00e0 la fin de la saison, le milieu s\u00e9n\u00e9galais Pape Demba&hellip;\n","protected":false},"author":2,"featured_media":659893,"comment_status":"","ping_status":"","sticky":false,"template":"","format":"standard","meta":{"footnotes":""},"categories":[9],"tags":[63,1011,27,2722,517,60,2312,68922],"class_list":{"0":"post-659892","1":"post","2":"type-post","3":"status-publish","4":"format-standard","5":"has-post-thumbnail","7":"category-sports","8":"tag-football","9":"tag-fr","10":"tag-france","11":"tag-haute-garonne","12":"tag-sport","13":"tag-sports","14":"tag-toulouse","15":"tag-toulouse-football-club"},"share_on_mastodon":{"url":"https:\/\/pubeurope.com\/@fr\/115885985309833679","error":""},"_links":{"self":[{"href":"https:\/\/www.europesays.com\/fr\/wp-json\/wp\/v2\/posts\/659892","targetHints":{"allow":["GET"]}}],"collection":[{"href":"https:\/\/www.europesays.com\/fr\/wp-json\/wp\/v2\/posts"}],"about":[{"href":"https:\/\/www.europesays.com\/fr\/wp-json\/wp\/v2\/types\/post"}],"author":[{"embeddable":true,"href":"https:\/\/www.europesays.com\/fr\/wp-json\/wp\/v2\/users\/2"}],"replies":[{"embeddable":true,"href":"https:\/\/www.europesays.com\/fr\/wp-json\/wp\/v2\/comments?post=659892"}],"version-history":[{"count":0,"href":"https:\/\/www.europesays.com\/fr\/wp-json\/wp\/v2\/posts\/659892\/revisions"}],"wp:featuredmedia":[{"embeddable":true,"href":"https:\/\/www.europesays.com\/fr\/wp-json\/wp\/v2\/media\/659893"}],"wp:attachment":[{"href":"https:\/\/www.europesays.com\/fr\/wp-json\/wp\/v2\/media?parent=659892"}],"wp:term":[{"taxonomy":"category","embeddable":true,"href":"https:\/\/www.europesays.com\/fr\/wp-json\/wp\/v2\/categories?post=659892"},{"taxonomy":"post_tag","embeddable":true,"href":"https:\/\/www.europesays.com\/fr\/wp-json\/wp\/v2\/tags?post=659892"}],"curies":[{"name":"wp","href":"https:\/\/api.w.org\/{rel}","templated":true}]}}