{"id":659898,"date":"2026-01-13T04:51:14","date_gmt":"2026-01-13T04:51:14","guid":{"rendered":"https:\/\/www.europesays.com\/fr\/659898\/"},"modified":"2026-01-13T04:51:14","modified_gmt":"2026-01-13T04:51:14","slug":"football-la-loi-bouclier-antipiratage-italienne-va-t-elle-trop-loin-le-monde-fr","status":"publish","type":"post","link":"https:\/\/www.europesays.com\/fr\/659898\/","title":{"rendered":"Football : \u00ab La loi \u201cbouclier antipiratage\u201d italienne va-t-elle trop loin ? \u00bb &#8211; Le Monde.fr"},"content":{"rendered":"<ol>\n<li><a href=\"https:\/\/news.google.com\/rss\/articles\/CBMi0gFBVV95cUxOWXRJNmRoZWdZUW1kaEh0c3JPQktmMjFBVmVyYUR0WnFiSlZNR0ptT0Mxb2tRS3BNZkFRTWtxZWZGcUtxalpkcVljX016aGFxOVdia21WUExHVjN5bWFCaXdCem5iV1dvREtEUlM1UWJpXzRkWlZtUUNrS3JpVDgtR0JfOVhZTExtUVBadGZyOGEwSUgtZkRjNi1MR3JHaUFCSEszcjBKdF9TMldZLXBUMVFxMDBSaVN0eGF1SWhwT0VCb2Z3NmVNTzkwMmlHM2pveGc?oc=5\" target=\"_blank\" rel=\"noopener\">Football : \u00ab La loi \u201cbouclier antipiratage\u201d italienne va-t-elle trop loin ? \u00bb<\/a>&nbsp;&nbsp;Le Monde.fr<\/li>\n<li><a href=\"https:\/\/news.google.com\/rss\/articles\/CBMi7gFBVV95cUxOXzVPenR4RG56Mjkta1cyOGo0YzB1MVlkUFNQOG02RUhWa3RXQ1NuZEg0OThNZEc2OFJ4TmlyUU9XVlp4THpNR2J5MnhRT05FY2JMOG9MR1VVcnlBTFVkaG5TWUltNkZVYVpmNkp5VkE0OXA3aHNITEJRaGNxVHgwdTh5NkQ5Y3hrdkJLem9yb2I5NnlSVTVieDM2Y3JOamJ2RWo3dnBEd0xDLVNmang4NjZDUVhtR0Q2bjkwaUV3OFIweDJsS0xKRFVsRHRTRXRHcGNac3N0OHFhTTJ1RGliX04yZXhkYzlkNWJnWldR?oc=5\" target=\"_blank\" rel=\"noopener\">L&rsquo;Italie attaque Cloudflare : 14 millions d&rsquo;euros d&rsquo;amende pour avoir prot\u00e9g\u00e9 70 % des sites pirates<\/a>&nbsp;&nbsp;Les Num\u00e9riques<\/li>\n<li><a href=\"https:\/\/news.google.com\/rss\/articles\/CBMiugFBVV95cUxOSV9qdVF2Y1hIdzV5aHF5aGpmMGQtTGtPNGNvWVgxZERyWlhwbXg2TV9fRUViRThqN3VlTFZ6bnQyc01MQ2hrWDMtSmFLYzZxcjVpaGlTRHJwSXlCaVBoWkU2LTRMaEpaYkl0T1pOZ3ZWaTdCNjNVbS14MXJGYzRoS2huV1l3bksxWmU5cnJ0bXI1SWpoNlNiN2tFa3hxdm4tM1ZiQXV5V3J3b3pWd2pRYm5GTnBHT3Q5MUE?oc=5\" target=\"_blank\" rel=\"noopener\">Censure du Web : le bras de fer s&rsquo;intensifie entre Rome et le g\u00e9ant Cloudflare<\/a>&nbsp;&nbsp;ZDNET<\/li>\n<li><a href=\"https:\/\/news.google.com\/rss\/articles\/CBMisgFBVV95cUxQUG93VFYwNUdRaXNqXzJwRUI1bmVwT0NkS0o2RlNLdmdpMGFWRFBBbk52Y0pVVm83UW1fVU9BaHkzbWplT0hKSzFDdnpPalVqa201djlPSHlCT1NaMHFvNElRU3lxZEFvZ0xQX1F5ek9IeXBpbjlpNFRlX2cyMUNfQV9Yb2RlVU8yRE56VXRxVG93bFBxNGZ4alM2Sks4STJFclRjdDg3azNDOHdEZWFQbF9n?oc=5\" target=\"_blank\" rel=\"noopener\">Il refuse de censurer le web : ce g\u00e9ant menace de d\u00e9brancher l&rsquo;Italie<\/a>&nbsp;&nbsp;Clubic<\/li>\n<li><a href=\"https:\/\/news.google.com\/rss\/articles\/CBMi8wFBVV95cUxQTVBvWW5xamhtV1RyZ2JaTzNveGFFQ0U3dEFtd044SEF1VlhwRnNlNGgyVV90Z2FhcXRzcW5MRjdYSE9ma3dnYWZ4aW1iSmpDLThERUMzcjF0ZUxxOHhTZDNZOW5wZDdZUkJOMHFqYW5aU1ZWYUZDemVUZW85bkMtajJTQlV3eGZ5d2pDaEVKMGs5N0N5LWNfdXpjRmgwcmVDZGJWNjY4MlRlUF9aWWFOUjBLbjNFWFMzeUlWOTRSbDR2bm4wV1lsd2hzczJkbWZxYkhLTW9DdkRBR3BzZ3F0WDdWR3FvWC0wWThYTU1ITVlBYk0?oc=5\" target=\"_blank\" rel=\"noopener\">\u00ab Qui s\u00e8me le vent r\u00e9colte la temp\u00eate \u00bb, Cloudflare menace ouvertement la cybers\u00e9curit\u00e9 des JO d\u2019hiver 2026 en Italie<\/a>&nbsp;&nbsp;Numerama<\/li>\n<\/ol>\n","protected":false},"excerpt":{"rendered":"Football : \u00ab La loi \u201cbouclier antipiratage\u201d italienne va-t-elle trop loin ? \u00bb&nbsp;&nbsp;Le Monde.fr L&rsquo;Italie attaque Cloudflare :&hellip;\n","protected":false},"author":2,"featured_media":659899,"comment_status":"","ping_status":"","sticky":false,"template":"","format":"standard","meta":{"footnotes":""},"categories":[6],"tags":[35,33,34,1011,27],"class_list":{"0":"post-659898","1":"post","2":"type-post","3":"status-publish","4":"format-standard","5":"has-post-thumbnail","7":"category-economie","8":"tag-business","9":"tag-economie","10":"tag-economy","11":"tag-fr","12":"tag-france"},"share_on_mastodon":{"url":"https:\/\/pubeurope.com\/@fr\/115885997144095145","error":""},"_links":{"self":[{"href":"https:\/\/www.europesays.com\/fr\/wp-json\/wp\/v2\/posts\/659898","targetHints":{"allow":["GET"]}}],"collection":[{"href":"https:\/\/www.europesays.com\/fr\/wp-json\/wp\/v2\/posts"}],"about":[{"href":"https:\/\/www.europesays.com\/fr\/wp-json\/wp\/v2\/types\/post"}],"author":[{"embeddable":true,"href":"https:\/\/www.europesays.com\/fr\/wp-json\/wp\/v2\/users\/2"}],"replies":[{"embeddable":true,"href":"https:\/\/www.europesays.com\/fr\/wp-json\/wp\/v2\/comments?post=659898"}],"version-history":[{"count":0,"href":"https:\/\/www.europesays.com\/fr\/wp-json\/wp\/v2\/posts\/659898\/revisions"}],"wp:featuredmedia":[{"embeddable":true,"href":"https:\/\/www.europesays.com\/fr\/wp-json\/wp\/v2\/media\/659899"}],"wp:attachment":[{"href":"https:\/\/www.europesays.com\/fr\/wp-json\/wp\/v2\/media?parent=659898"}],"wp:term":[{"taxonomy":"category","embeddable":true,"href":"https:\/\/www.europesays.com\/fr\/wp-json\/wp\/v2\/categories?post=659898"},{"taxonomy":"post_tag","embeddable":true,"href":"https:\/\/www.europesays.com\/fr\/wp-json\/wp\/v2\/tags?post=659898"}],"curies":[{"name":"wp","href":"https:\/\/api.w.org\/{rel}","templated":true}]}}