{"id":65990,"date":"2025-05-01T03:55:08","date_gmt":"2025-05-01T03:55:08","guid":{"rendered":"https:\/\/www.europesays.com\/fr\/65990\/"},"modified":"2025-05-01T03:55:08","modified_gmt":"2025-05-01T03:55:08","slug":"nice-les-tramways-et-les-bus-circulent-ils-le-1%e1%b5%89%ca%b3-mai-la-reponse-des-lignes-dazur","status":"publish","type":"post","link":"https:\/\/www.europesays.com\/fr\/65990\/","title":{"rendered":"Nice. Les tramways et les bus circulent-ils le 1\u1d49\u02b3 mai ? La r\u00e9ponse des Lignes d&rsquo;Azur"},"content":{"rendered":"<p>            Par<br \/>\n        <strong><br \/>\n            <a href=\"https:\/\/actu.fr\/auteur\/ugo-maillard\" title=\"Consulter tous les articles de Ugo Maillard\" rel=\"nofollow noopener\" target=\"_blank\">Ugo Maillard<\/a><br \/>\n        <\/strong><\/p>\n<p>        Publi\u00e9 le<\/p>\n<p>            30 avr. 2025 \u00e0 10h16        <\/p>\n<p>Comme tous les ans, le <strong>r\u00e9seau de transports en commun<\/strong> de bus et de tramway de la m\u00e9tropole de <a href=\"https:\/\/actu.fr\/nice\/\" rel=\"nofollow noopener\" target=\"_blank\">Nice<\/a> sera \u00e0 l\u2019arr\u00eat.<\/p>\n<p class=\" wall-content\">\u00c0 l\u2019occasion de la f\u00eate des travailleurs, c\u00e9l\u00e9br\u00e9e ce jeudi 1er\u00a0mai 2025, les salari\u00e9s de Lignes d\u2019Azur <strong>n\u2019exerceront pas leur activit\u00e9<\/strong>.<\/p>\n<p class=\" wall-content\">\u00ab\u2009Le service public de transport des Personnes \u00e0 Mobilit\u00e9 R\u00e9duite, Mobil\u2019Azur (centrale d\u2019appel et service), les Parcazur, les agences commerciales ainsi que le centre de relation client\u00e8le sont ferm\u00e9s\u2009\u00bb, ajoutent les services de Lignes d\u2019Azur.<\/p>\n<p>Le service reprend vendredi<\/p>\n<p class=\" wall-content\">Pour ce pont du 1\u1d49\u02b3 mai, pas d\u2019inqui\u00e9tude puisque le service reprendra normalement le vendredi 2\u00a0mai.<\/p>\n<p class=\" wall-content\">Idem pour les journ\u00e9es de samedi et dimanche.<\/p>\n<p>Vid\u00e9os : en ce moment sur Actu<\/p>\n<p class=\" wall-content\">Suivez toute l\u2019actualit\u00e9 de vos villes et m\u00e9dias favoris en vous inscrivant \u00e0 <a href=\"https:\/\/moncompte.actu.fr\" title=\"D\u00e9couvez Mon Actu\" rel=\"nofollow noopener\" data-trk=\"{&quot;cta&quot;:{&quot;action&quot;:&quot;https:\\\/\\\/moncompte.actu.fr&quot;,&quot;category&quot;:&quot;mon compte&quot;,&quot;from&quot;:&quot;article footer&quot;,&quot;name&quot;:&quot;Mon actu&quot;,&quot;type&quot;:&quot;cta&quot;}}\" target=\"_blank\">Mon Actu<\/a>.<\/p>\n","protected":false},"excerpt":{"rendered":"Par Ugo Maillard Publi\u00e9 le 30 avr. 2025 \u00e0 10h16 Comme tous les ans, le r\u00e9seau de transports&hellip;\n","protected":false},"author":2,"featured_media":65991,"comment_status":"","ping_status":"","sticky":false,"template":"","format":"standard","meta":{"footnotes":""},"categories":[2819],"tags":[1111,11,1777,674,1011,27,14554,12,2401,882,25,104,2803],"class_list":{"0":"post-65990","1":"post","2":"type-post","3":"status-publish","4":"format-standard","5":"has-post-thumbnail","7":"category-nice","8":"tag-actu","9":"tag-actualites","10":"tag-eu","11":"tag-europe","12":"tag-fr","13":"tag-france","14":"tag-lignes-dazur","15":"tag-news","16":"tag-nice","17":"tag-provence-alpes-cote-dazur","18":"tag-republique-francaise","19":"tag-societe","20":"tag-transport"},"share_on_mastodon":{"url":"https:\/\/pubeurope.com\/@fr\/114430563126293385","error":""},"_links":{"self":[{"href":"https:\/\/www.europesays.com\/fr\/wp-json\/wp\/v2\/posts\/65990","targetHints":{"allow":["GET"]}}],"collection":[{"href":"https:\/\/www.europesays.com\/fr\/wp-json\/wp\/v2\/posts"}],"about":[{"href":"https:\/\/www.europesays.com\/fr\/wp-json\/wp\/v2\/types\/post"}],"author":[{"embeddable":true,"href":"https:\/\/www.europesays.com\/fr\/wp-json\/wp\/v2\/users\/2"}],"replies":[{"embeddable":true,"href":"https:\/\/www.europesays.com\/fr\/wp-json\/wp\/v2\/comments?post=65990"}],"version-history":[{"count":0,"href":"https:\/\/www.europesays.com\/fr\/wp-json\/wp\/v2\/posts\/65990\/revisions"}],"wp:featuredmedia":[{"embeddable":true,"href":"https:\/\/www.europesays.com\/fr\/wp-json\/wp\/v2\/media\/65991"}],"wp:attachment":[{"href":"https:\/\/www.europesays.com\/fr\/wp-json\/wp\/v2\/media?parent=65990"}],"wp:term":[{"taxonomy":"category","embeddable":true,"href":"https:\/\/www.europesays.com\/fr\/wp-json\/wp\/v2\/categories?post=65990"},{"taxonomy":"post_tag","embeddable":true,"href":"https:\/\/www.europesays.com\/fr\/wp-json\/wp\/v2\/tags?post=65990"}],"curies":[{"name":"wp","href":"https:\/\/api.w.org\/{rel}","templated":true}]}}