{"id":659903,"date":"2026-01-13T04:54:30","date_gmt":"2026-01-13T04:54:30","guid":{"rendered":"https:\/\/www.europesays.com\/fr\/659903\/"},"modified":"2026-01-13T04:54:30","modified_gmt":"2026-01-13T04:54:30","slug":"la-suede-renforce-sa-defense-aerienne-a-hauteur-de-14-milliard-deuros-2","status":"publish","type":"post","link":"https:\/\/www.europesays.com\/fr\/659903\/","title":{"rendered":"La Su\u00e8de renforce sa d\u00e9fense a\u00e9rienne \u00e0 hauteur de 1,4\u00a0milliard d&rsquo;euros"},"content":{"rendered":"\n<p class=\"c-chapo \">\n  Pour le gouvernement su\u00e9dois, qui a d\u00e9j\u00e0 investi en novembre quelque 315 millions d&rsquo;euros dans l&rsquo;achat de missiles sol-air et de v\u00e9hicules pour les d\u00e9ployer, \u00ab\u00a0l&rsquo;exp\u00e9rience de l&rsquo;Ukraine d\u00e9montre l&rsquo;importance d&rsquo;une d\u00e9fense a\u00e9rienne robuste\u00a0\u00bb.\n<\/p>\n<p>      lire plus tard<\/p>\n<p id=\"dialog__title\" class=\"dialog__title\">Pour sauvegarder cet article, connectez-vous ou cr\u00e9ez un compte franceinfo<\/p>\n<p class=\"dialog__description\">Sans paiement. Sans abonnement.<\/p>\n<p>        Fermer la fen\u00eatre d\u2019activation des notifications France Info<\/p>\n<p>      cr\u00e9er votre compte<\/p>\n<p>      se connecter<\/p>\n<p>      :<\/p>\n<p>        Fermer la fen\u00eatre de pr\u00e9sentation<\/p>\n<p>    <img loading=\"lazy\" decoding=\"async\" class=\"signature__image lazyload\" width=\"100\" height=\"100\" data- alt=\"\" src=\"https:\/\/www.europesays.com\/fr\/wp-content\/uploads\/2025\/05\/64a68815cd1a7_placeholder-36b69ec8.png\"\/><\/p>\n<p>    Publi\u00e9 le 11\/01\/2026 17:11<\/p>\n<p>      Mis \u00e0 jour le 11\/01\/2026 17:48<\/p>\n<p>        Temps de lecture : 1min<\/p>\n<p>    <img decoding=\"async\"  alt=\"Le Premier ministre su\u00e9dois Ulf Kristersson, \u00e0 Bruxelles, en Belgique, le 18 d\u00e9cembre 2025. (NICOLAS TUCAT \/ AFP)\" width=\"432\" height=\"243\" src=\"https:\/\/www.europesays.com\/fr\/wp-content\/uploads\/2026\/01\/000-88hg3tx-6963caf766c16912563286.jpg\" fetchpriority=\"high\"\/><\/p>\n<p>      Le Premier ministre su\u00e9dois Ulf Kristersson, \u00e0 Bruxelles, en Belgique, le 18 d\u00e9cembre 2025. (NICOLAS TUCAT \/ AFP)<\/p>\n<p>La Su\u00e8de va investir 15 milliards de couronnes (1,4 milliard d&rsquo;euros) dans <a href=\"https:\/\/www.franceinfo.fr\/monde\/otan\/la-suede-va-renforcer-sa-defense-aerienne-pour-se-proteger-face-aux-missiles-drones-et-avions-de-combat_7639064.html\" rel=\"noopener noreferrer nofollow\" data-tooltip-url=\"https:\/\/www.franceinfo.fr\/monde\/otan\/la-suede-va-renforcer-sa-defense-aerienne-pour-se-proteger-face-aux-missiles-drones-et-avions-de-combat_7639064.html\" target=\"_blank\">la d\u00e9fense a\u00e9rienne<\/a> terrestre, notamment pour mieux prot\u00e9ger de potentielles cibles civiles, a annonc\u00e9 dimanche 11\u00a0janvier son gouvernement. \u00ab\u00a0Avec cet investissement d&rsquo;ampleur dans la d\u00e9fense a\u00e9rienne, nous prot\u00e9geons l&rsquo;ensemble de la soci\u00e9t\u00e9, de nos unit\u00e9s militaires aux zones urbaines et aux infrastructures critiques\u00a0\u00bb, a d\u00e9clar\u00e9 le Premier ministre, Ulf Kristersson, cit\u00e9 dans un communiqu\u00e9.<\/p>\n<p>Pour le gouvernement su\u00e9dois, qui a d\u00e9j\u00e0 investi en novembre quelque 315\u00a0millions d&rsquo;euros dans l&rsquo;achat de missiles sol-air et de v\u00e9hicules pour les d\u00e9ployer, \u00ab\u00a0l&rsquo;exp\u00e9rience de l&rsquo;Ukraine d\u00e9montre l&rsquo;importance d&rsquo;une d\u00e9fense a\u00e9rienne robuste\u00a0\u00bb.<\/p>\n<p>Si la d\u00e9fense a\u00e9rienne su\u00e9doise prot\u00e9geait jusqu&rsquo;\u00e0 pr\u00e9sent principalement les unit\u00e9s et infrastructures militaires, les nouveaux investissements vont permettre de prot\u00e9ger aussi les unit\u00e9s de combat, les centres de population et les infrastructures civiles, telles que des ponts, des carrefours ferroviaires, des centrales nucl\u00e9aires et hydro\u00e9lectriques, ainsi que des zones dens\u00e9ment peupl\u00e9es. Les premiers achats devraient \u00eatre r\u00e9alis\u00e9s au premier trimestre 2026.<\/p>\n","protected":false},"excerpt":{"rendered":"Pour le gouvernement su\u00e9dois, qui a d\u00e9j\u00e0 investi en novembre quelque 315 millions d&rsquo;euros dans l&rsquo;achat de missiles&hellip;\n","protected":false},"author":2,"featured_media":659904,"comment_status":"","ping_status":"","sticky":false,"template":"","format":"standard","meta":{"footnotes":""},"categories":[2],"tags":[11,1011,27,12],"class_list":{"0":"post-659903","1":"post","2":"type-post","3":"status-publish","4":"format-standard","5":"has-post-thumbnail","7":"category-actualites","8":"tag-actualites","9":"tag-fr","10":"tag-france","11":"tag-news"},"share_on_mastodon":{"url":"https:\/\/pubeurope.com\/@fr\/115886008854187554","error":""},"_links":{"self":[{"href":"https:\/\/www.europesays.com\/fr\/wp-json\/wp\/v2\/posts\/659903","targetHints":{"allow":["GET"]}}],"collection":[{"href":"https:\/\/www.europesays.com\/fr\/wp-json\/wp\/v2\/posts"}],"about":[{"href":"https:\/\/www.europesays.com\/fr\/wp-json\/wp\/v2\/types\/post"}],"author":[{"embeddable":true,"href":"https:\/\/www.europesays.com\/fr\/wp-json\/wp\/v2\/users\/2"}],"replies":[{"embeddable":true,"href":"https:\/\/www.europesays.com\/fr\/wp-json\/wp\/v2\/comments?post=659903"}],"version-history":[{"count":0,"href":"https:\/\/www.europesays.com\/fr\/wp-json\/wp\/v2\/posts\/659903\/revisions"}],"wp:featuredmedia":[{"embeddable":true,"href":"https:\/\/www.europesays.com\/fr\/wp-json\/wp\/v2\/media\/659904"}],"wp:attachment":[{"href":"https:\/\/www.europesays.com\/fr\/wp-json\/wp\/v2\/media?parent=659903"}],"wp:term":[{"taxonomy":"category","embeddable":true,"href":"https:\/\/www.europesays.com\/fr\/wp-json\/wp\/v2\/categories?post=659903"},{"taxonomy":"post_tag","embeddable":true,"href":"https:\/\/www.europesays.com\/fr\/wp-json\/wp\/v2\/tags?post=659903"}],"curies":[{"name":"wp","href":"https:\/\/api.w.org\/{rel}","templated":true}]}}