{"id":659905,"date":"2026-01-13T04:56:19","date_gmt":"2026-01-13T04:56:19","guid":{"rendered":"https:\/\/www.europesays.com\/fr\/659905\/"},"modified":"2026-01-13T04:56:19","modified_gmt":"2026-01-13T04:56:19","slug":"football-division-1-poule-c-ce-quil-ne-fallait-pas-rater-de-la-9eme-journee","status":"publish","type":"post","link":"https:\/\/www.europesays.com\/fr\/659905\/","title":{"rendered":"Football &#8211; Division 1 poule C : ce qu\u2019il ne fallait pas rater de la 9\u00e8me journ\u00e9e"},"content":{"rendered":"<p id=\"long-v3\">Les rencontres comptant pour la 9\u00e8me journ\u00e9e du championnat viennent de se terminer.\u00a0L\u2019occasion de revenir sur les rencontres les plus marquantes.<\/p>\n<p id=\"long-v3\">D\u2019abord, l\u2019opposition entre LA VITREENNE FC et Ch\u00e2teaubourg (2-3), match le plus spectaculaire de cette journ\u00e9e, sort logiquement du lot, en raison du nombre de buts inscrits. Au classement, LA VITREENNE FC pointe\u00a0 en 12\u00e8me position (6 points) tandis que Ch\u00e2teaubourg figure  au 3\u00e8me rang (17 points). Les attaquants de la rencontre ES THORIGNE FOUILLARD &#8211; US DOMAGNE SAINT DIDIER (3-0) sont \u00e9galement \u00e0 saluer. Les autres rencontres notables : AC DE RENNES &#8211; US VAL D&rsquo;IZE (1-1) et ES THORIGNE FOUILLARD &#8211; US DOMAGNE SAINT DIDIER (3-0).\u00a0<\/p>\n<p id=\"long-v3\">A l\u2019issue de ces matchs, voici le classement de Division 1 poule C :<\/p>\n<ul>\n<li>1 &#8211; US DOMAGNE SAINT DIDIER (19 points)<\/li>\n<li>2 &#8211; ES THORIGNE FOUILLARD (18 points)<\/li>\n<li>3 &#8211; Ch\u00e2teaubourg (17 points)<\/li>\n<li>4 &#8211; AC DE RENNES (17 points)<\/li>\n<li>5 &#8211; CS SERVON (14 points)<\/li>\n<li>6 &#8211; US VAL D&rsquo;IZE (13 points)<\/li>\n<li>7 &#8211; AS GINGLIN CESSON (12 points)<\/li>\n<li>8 &#8211; AMICALE SPORTIVE VITRE (10 point)<\/li>\n<li>9 &#8211; AC DE RENNES (10 point)<\/li>\n<li>10 &#8211; AS CHANTEPIE (7 points)<\/li>\n<li>11 &#8211; ES NOYAL (6 points)<\/li>\n<li>12 &#8211; LA VITREENNE FC (6 points)<\/li>\n<\/ul>\n<p id=\"long-v3\">La prochaine journ\u00e9e se d\u00e9roulera \u00e0 partir du 18 janvier 2026 avec les rencontres : <\/p>\n<ul>\n<li>AMICALE SPORTIVE VITRE &#8211; AS CHANTEPIE <\/li>\n<li>Ch\u00e2teaubourg &#8211; ES THORIGNE FOUILLARD <\/li>\n<li>US DOMAGNE SAINT DIDIER &#8211; ES NOYAL <\/li>\n<li>AC DE RENNES &#8211; CS SERVON <\/li>\n<li>AC DE RENNES &#8211; LA VITREENNE FC <\/li>\n<li>US VAL D&rsquo;IZE &#8211; AS GINGLIN CESSON <\/li>\n<\/ul>\n","protected":false},"excerpt":{"rendered":"Les rencontres comptant pour la 9\u00e8me journ\u00e9e du championnat viennent de se terminer.\u00a0L\u2019occasion de revenir sur les rencontres&hellip;\n","protected":false},"author":2,"featured_media":659906,"comment_status":"","ping_status":"","sticky":false,"template":"","format":"standard","meta":{"footnotes":""},"categories":[9653],"tags":[9117,1111,11,63774,76176,76174,2430,76175,76179,76178,1777,674,1011,27,76173,12,25,4001,76180,76177],"class_list":{"0":"post-659905","1":"post","2":"type-post","3":"status-publish","4":"format-standard","5":"has-post-thumbnail","7":"category-saint-etienne","8":"tag-ac-de-rennes","9":"tag-actu","10":"tag-actualites","11":"tag-amicale-sportive-vitre","12":"tag-as-chantepie","13":"tag-as-ginglin-cesson","14":"tag-auvergne-rhone-alpes","15":"tag-cs-servon","16":"tag-es-noyal","17":"tag-es-thorigne-fouillard","18":"tag-eu","19":"tag-europe","20":"tag-fr","21":"tag-france","22":"tag-la-vitreenne-fc","23":"tag-news","24":"tag-republique-francaise","25":"tag-saint-etienne","26":"tag-us-domagne-saint-didier","27":"tag-us-val-dize"},"share_on_mastodon":{"url":"https:\/\/pubeurope.com\/@fr\/115886016679304751","error":""},"_links":{"self":[{"href":"https:\/\/www.europesays.com\/fr\/wp-json\/wp\/v2\/posts\/659905","targetHints":{"allow":["GET"]}}],"collection":[{"href":"https:\/\/www.europesays.com\/fr\/wp-json\/wp\/v2\/posts"}],"about":[{"href":"https:\/\/www.europesays.com\/fr\/wp-json\/wp\/v2\/types\/post"}],"author":[{"embeddable":true,"href":"https:\/\/www.europesays.com\/fr\/wp-json\/wp\/v2\/users\/2"}],"replies":[{"embeddable":true,"href":"https:\/\/www.europesays.com\/fr\/wp-json\/wp\/v2\/comments?post=659905"}],"version-history":[{"count":0,"href":"https:\/\/www.europesays.com\/fr\/wp-json\/wp\/v2\/posts\/659905\/revisions"}],"wp:featuredmedia":[{"embeddable":true,"href":"https:\/\/www.europesays.com\/fr\/wp-json\/wp\/v2\/media\/659906"}],"wp:attachment":[{"href":"https:\/\/www.europesays.com\/fr\/wp-json\/wp\/v2\/media?parent=659905"}],"wp:term":[{"taxonomy":"category","embeddable":true,"href":"https:\/\/www.europesays.com\/fr\/wp-json\/wp\/v2\/categories?post=659905"},{"taxonomy":"post_tag","embeddable":true,"href":"https:\/\/www.europesays.com\/fr\/wp-json\/wp\/v2\/tags?post=659905"}],"curies":[{"name":"wp","href":"https:\/\/api.w.org\/{rel}","templated":true}]}}