{"id":659907,"date":"2026-01-13T04:57:26","date_gmt":"2026-01-13T04:57:26","guid":{"rendered":"https:\/\/www.europesays.com\/fr\/659907\/"},"modified":"2026-01-13T04:57:26","modified_gmt":"2026-01-13T04:57:26","slug":"soutenance-hdr-de-madame-rotureau-elise-liec-factuel","status":"publish","type":"post","link":"https:\/\/www.europesays.com\/fr\/659907\/","title":{"rendered":"Soutenance HDR de Madame Rotureau \u00c9lise &#8211; LIEC &#8211; Factuel"},"content":{"rendered":"<p>Temps de lecture : 1 minute<\/p>\n<p>Informations pratiques<\/p>\n<p><strong>Localisation : <\/strong>Pr\u00e9sidence de l\u2019Universit\u00e9 de Lorraine \u2013 Brabois, Salle Gall\u00e9, 2 avenue de la For\u00eat de Haye 54500 Vandoeuvre-l\u00e8s-Nancy<\/p>\n<p> <strong>Date de d\u00e9but :<\/strong> 21\/01\/2026 13:30 <strong>Date de fin : <\/strong> 21\/01\/2026 17:30<\/p>\n<p>\u00c9lise Rotureau soutient pour Habilitation \u00e0 Diriger des Recherches (HDR), le mercredi 21 janvier 2026 \u00e0 partir de 13h30 \u00e0 17h30 \u00e0 la Pr\u00e9sidence de l\u2019Universit\u00e9 de Lorraine \u2013 Brabois, Salle Gall\u00e9, 2 avenue de la For\u00eat de Haye \u00e0 Vand\u0153uvre-l\u00e8s-Nancy<\/p>\n<p>Sa soutenance s\u2019intitule \u00ab R\u00e9activit\u00e9 aux interfaces naturelles : sp\u00e9ciation et (bio)disponibilit\u00e9 des \u00e9l\u00e9ments-traces m\u00e9talliques \u00bb<\/p>\n<p>Le jury sera compos\u00e9 de Madame Sophie Griveau (\u00c9cole Nationale Sup\u00e9rieure de Chimie de Paris), Monsieur Bruno Lartiges (Observatoire Midi-Pyr\u00e9n\u00e9es, Toulouse), Monsieur Pascal Sala\u00fcn (Universit\u00e9 de Liverpool, Angleterre), Madame Mary-Lou Tercie-Waeber (Universit\u00e9 de Gen\u00e8ve, Suisse), Madame Aline Dia (G\u00e9osciences Rennes), Monsieur J\u00e9r\u00f4me Duval (Parrain Scientifique \u2013 Universit\u00e9 de Lorraine).<\/p>\n<p><a href=\"https:\/\/factuel.univ-lorraine.fr\/wp-content\/uploads\/2026\/01\/Abstract-HDR-Elise-Rotureau.pdf\" target=\"_blank\" rel=\"noopener\">Abstract HDR Elise Rotureau<\/a><\/p>\n<p><\/p>\n","protected":false},"excerpt":{"rendered":"Temps de lecture : 1 minute Informations pratiques Localisation : Pr\u00e9sidence de l\u2019Universit\u00e9 de Lorraine \u2013 Brabois, Salle&hellip;\n","protected":false},"author":2,"featured_media":659908,"comment_status":"","ping_status":"","sticky":false,"template":"","format":"standard","meta":{"footnotes":""},"categories":[9635],"tags":[1111,11,1777,674,1011,27,775,1702,12,25],"class_list":{"0":"post-659907","1":"post","2":"type-post","3":"status-publish","4":"format-standard","5":"has-post-thumbnail","7":"category-nancy","8":"tag-actu","9":"tag-actualites","10":"tag-eu","11":"tag-europe","12":"tag-fr","13":"tag-france","14":"tag-grand-est","15":"tag-nancy","16":"tag-news","17":"tag-republique-francaise"},"share_on_mastodon":{"url":"https:\/\/pubeurope.com\/@fr\/115886020676815239","error":""},"_links":{"self":[{"href":"https:\/\/www.europesays.com\/fr\/wp-json\/wp\/v2\/posts\/659907","targetHints":{"allow":["GET"]}}],"collection":[{"href":"https:\/\/www.europesays.com\/fr\/wp-json\/wp\/v2\/posts"}],"about":[{"href":"https:\/\/www.europesays.com\/fr\/wp-json\/wp\/v2\/types\/post"}],"author":[{"embeddable":true,"href":"https:\/\/www.europesays.com\/fr\/wp-json\/wp\/v2\/users\/2"}],"replies":[{"embeddable":true,"href":"https:\/\/www.europesays.com\/fr\/wp-json\/wp\/v2\/comments?post=659907"}],"version-history":[{"count":0,"href":"https:\/\/www.europesays.com\/fr\/wp-json\/wp\/v2\/posts\/659907\/revisions"}],"wp:featuredmedia":[{"embeddable":true,"href":"https:\/\/www.europesays.com\/fr\/wp-json\/wp\/v2\/media\/659908"}],"wp:attachment":[{"href":"https:\/\/www.europesays.com\/fr\/wp-json\/wp\/v2\/media?parent=659907"}],"wp:term":[{"taxonomy":"category","embeddable":true,"href":"https:\/\/www.europesays.com\/fr\/wp-json\/wp\/v2\/categories?post=659907"},{"taxonomy":"post_tag","embeddable":true,"href":"https:\/\/www.europesays.com\/fr\/wp-json\/wp\/v2\/tags?post=659907"}],"curies":[{"name":"wp","href":"https:\/\/api.w.org\/{rel}","templated":true}]}}