{"id":659911,"date":"2026-01-13T05:00:20","date_gmt":"2026-01-13T05:00:20","guid":{"rendered":"https:\/\/www.europesays.com\/fr\/659911\/"},"modified":"2026-01-13T05:00:20","modified_gmt":"2026-01-13T05:00:20","slug":"toulon-moment-philo-jeunesse-lart-samedi-17-janvier","status":"publish","type":"post","link":"https:\/\/www.europesays.com\/fr\/659911\/","title":{"rendered":"TOULON : Moment Philo Jeunesse \u00ab\u00a0L&rsquo;art\u00a0\u00bb, samedi 17 janvier"},"content":{"rendered":"<p style=\"text-align: left;\"><strong>Les th\u00e8mes abord\u00e9s seront divers et vari\u00e9s et chacun(e) aura le loisir (nous l\u2019esp\u00e9rons) de pouvoir s\u2019exprimer !<\/strong><\/p>\n<p style=\"text-align: left;\">Chaque atelier aura lieu le samedi, de 11h \u00e0 12h \u00e0 Charlemagne Toulon et sera anim\u00e9 par Chantal (M\u00e9thode Fondation SEVE)<\/p>\n<p style=\"text-align: left;\">Pour les 7 \u00e0 14 ans.<br \/>Participation 5\u20ac<br \/>Places limit\u00e9es. Sur inscription en librairie et au 04.94.62.91.23<\/p>\n<p style=\"text-align: left;\">Liste compl\u00e8te des ateliers :<br \/>\u2013 samedi 18 octobre \u00ab\u00a0Le bien et le mal\u00a0\u00bb<br \/>\u2013 samedi 22 novembre \u00ab\u00a0Les \u00e9motions\u00a0\u00bb<br \/>\u2013 samedi 13 d\u00e9cembre \u00ab\u00a0Les croyances\u00a0\u00bb<br \/>\u2013 samedi 17 janvier 2026 \u00ab\u00a0L\u2019art\u00a0\u00bb<br \/>\u2013 samedi 14 f\u00e9vrier \u00ab\u00a0La v\u00e9rit\u00e9\u00a0\u00bb<br \/>\u2013 samedi 14 mars \u00ab\u00a0Le corps et l\u2019esprit\u00a0\u00bb<br \/>\u2013 samedi 11 avril \u00ab\u00a0Grandir, vieillir\u00a0\u00bb<br \/>\u2013 samedi 30 mai \u00ab\u00a0Le bonheur\u00a0\u00bb<br \/>\u2013 samedi 20 juin \u00ab\u00a0La paix\u00a0\u00bb<\/p>\n<p style=\"text-align: left;\">Le Samedi 17 janvier 2026 \u00e0 11h00 , Librairie \u2013 Papeterie Charlemagne Toulon<\/p>\n<p style=\"text-align: left;\"><strong>SOURCE : L\u2019Agenda Culturel des Librairies Charlemagne.<\/strong><\/p>\n","protected":false},"excerpt":{"rendered":"Les th\u00e8mes abord\u00e9s seront divers et vari\u00e9s et chacun(e) aura le loisir (nous l\u2019esp\u00e9rons) de pouvoir s\u2019exprimer !&hellip;\n","protected":false},"author":2,"featured_media":659912,"comment_status":"","ping_status":"","sticky":false,"template":"","format":"standard","meta":{"footnotes":""},"categories":[9619],"tags":[1111,11,1777,674,1011,27,12,882,25,2310],"class_list":{"0":"post-659911","1":"post","2":"type-post","3":"status-publish","4":"format-standard","5":"has-post-thumbnail","7":"category-toulon","8":"tag-actu","9":"tag-actualites","10":"tag-eu","11":"tag-europe","12":"tag-fr","13":"tag-france","14":"tag-news","15":"tag-provence-alpes-cote-dazur","16":"tag-republique-francaise","17":"tag-toulon"},"share_on_mastodon":{"url":"https:\/\/pubeurope.com\/@fr\/115886032376363728","error":""},"_links":{"self":[{"href":"https:\/\/www.europesays.com\/fr\/wp-json\/wp\/v2\/posts\/659911","targetHints":{"allow":["GET"]}}],"collection":[{"href":"https:\/\/www.europesays.com\/fr\/wp-json\/wp\/v2\/posts"}],"about":[{"href":"https:\/\/www.europesays.com\/fr\/wp-json\/wp\/v2\/types\/post"}],"author":[{"embeddable":true,"href":"https:\/\/www.europesays.com\/fr\/wp-json\/wp\/v2\/users\/2"}],"replies":[{"embeddable":true,"href":"https:\/\/www.europesays.com\/fr\/wp-json\/wp\/v2\/comments?post=659911"}],"version-history":[{"count":0,"href":"https:\/\/www.europesays.com\/fr\/wp-json\/wp\/v2\/posts\/659911\/revisions"}],"wp:featuredmedia":[{"embeddable":true,"href":"https:\/\/www.europesays.com\/fr\/wp-json\/wp\/v2\/media\/659912"}],"wp:attachment":[{"href":"https:\/\/www.europesays.com\/fr\/wp-json\/wp\/v2\/media?parent=659911"}],"wp:term":[{"taxonomy":"category","embeddable":true,"href":"https:\/\/www.europesays.com\/fr\/wp-json\/wp\/v2\/categories?post=659911"},{"taxonomy":"post_tag","embeddable":true,"href":"https:\/\/www.europesays.com\/fr\/wp-json\/wp\/v2\/tags?post=659911"}],"curies":[{"name":"wp","href":"https:\/\/api.w.org\/{rel}","templated":true}]}}