{"id":659913,"date":"2026-01-13T05:01:18","date_gmt":"2026-01-13T05:01:18","guid":{"rendered":"https:\/\/www.europesays.com\/fr\/659913\/"},"modified":"2026-01-13T05:01:18","modified_gmt":"2026-01-13T05:01:18","slug":"henri-chambon-sest-eteint-a-88-ans","status":"publish","type":"post","link":"https:\/\/www.europesays.com\/fr\/659913\/","title":{"rendered":"Henri Chambon s\u2019est \u00e9teint \u00e0 88 ans"},"content":{"rendered":"<p>                    Par<br \/>\n        <strong><br \/>\n            <a href=\"https:\/\/actu.fr\/auteur\/metropoop\" title=\"Consulter tous les articles de R\u00e9daction M\u00e9tropolitain\" target=\"_blank\" rel=\"noopener\">R\u00e9daction M\u00e9tropolitain<\/a><br \/>\n                    <\/strong><\/p>\n<p>        Publi\u00e9 le<\/p>\n<p>            12 janv. 2026 \u00e0 11h20        <\/p>\n<p>En 1975, il pariait sur un centre commercial au c\u0153ur de la ville, \u00e0 <strong>Montpellier<\/strong>. Cinquante ans plus tard, ce pari urbain reste une r\u00e9f\u00e9rence nationale.<\/p>\n<p class=\" wall-content\"><strong>Henri Chambon<\/strong> est d\u00e9c\u00e9d\u00e9 dans la nuit <strong>du samedi 10 au dimanche 11 janvier 2026<\/strong>, \u00e0 l\u2019\u00e2ge de 88 ans. Entrepreneur discret mais d\u00e9termin\u00e9, il a profond\u00e9ment marqu\u00e9 l\u2019histoire de l\u2019immobilier commercial et h\u00f4telier en France. Ici, son nom reste associ\u00e9 au <strong>Polygone<\/strong>, devenu en pr\u00e8s de cinquante ans un rep\u00e8re du centre-ville et un lieu de passage quotidien pour des milliers de visiteurs.<\/p>\n<p>    <a href=\"https:\/\/www.google.com\/maps\/embed?pb=!1m18!1m12!1m3!1d2888.907945445417!2d3.882198576459864!3d43.60845827110437!2m3!1f0!2f0!3f0!3m2!1i1024!2i768!4f13.1!3m3!1m2!1s0x12b6afa047b78a77%3A0x2a496e9a99a5d4a5!2sPolygone%20Montpellier!5e0!3m2!1sfr!2sfr!4v1768212529959!5m2!1sfr!2sfr\" title=\"Ouvrie le lien\" target=\"_blank\" rel=\"noopener\">Cliquez ici pour visualiser le contenu<\/a><\/p>\n<p class=\" wall-content\"><strong> N\u00e9 en Auvergne<\/strong>, Henri Chambon arrive \u00e0 Montpellier au d\u00e9but des ann\u00e9es 1970 avec l\u2019envie d\u2019entreprendre et une intuition forte sur l\u2019\u00e9volution des villes. En 1969, il avait d\u00e9j\u00e0 fond\u00e9 la Soci\u00e9t\u00e9 Centrale de R\u00e9alisation Immobili\u00e8re, la Socri, qui deviendra plus tard le groupe Elancia. Tr\u00e8s t\u00f4t, il imagine un centre commercial int\u00e9gr\u00e9 au tissu urbain, pens\u00e9 pour dialoguer avec les rues, les places et les habitants.<\/p>\n<p>Le pari audacieux du commerce en centre-ville<\/p>\n<p class=\" wall-content\">En 1975, Henri Chambon ouvre le centre commercial du Polygone Montpellier. Le projet surprend, mais s\u2019impose rapidement. Les commerces s\u2019installent au c\u0153ur de la ville et participent \u00e0 son animation quotidienne. Ce mod\u00e8le in\u00e9dit inspire d\u2019autres r\u00e9alisations : en 1982, il inaugure Nice-\u00c9toile \u00e0 Nice. \u00c0 la fin des ann\u00e9es 1980, Henri Chambon d\u00e9cide d\u2019explorer un nouveau terrain. En 1988, il se lance dans l\u2019h\u00f4tellerie et cr\u00e9e \u00e0 Paris la Villa Maillot, un boutique-h\u00f4tel quatre \u00e9toiles au positionnement \u00e9l\u00e9gant. Trois ans plus tard, il con\u00e7oit l\u2019h\u00f4tel Pullman Montpellier.<\/p>\n<p>Vid\u00e9os : en ce moment sur Actu<\/p>\n<p class=\" wall-content\">Le virage h\u00f4telier se confirme avec des projets ambitieux. \u00c0 Saint-Jean-de-Luz, Henri Chambon rach\u00e8te et transforme un \u00e9tablissement en Grand H\u00f4tel Thalasso &amp; Spa, class\u00e9 cinq \u00e9toiles. Le site re\u00e7oit une reconnaissance internationale avec le titre de meilleure thalasso spa du monde aux World Luxury Hotel Awards. Sur la C\u00f4te d\u2019Azur, la filiale h\u00f4teli\u00e8re SFH donne naissance au Mas de Pierre \u00e0 Saint-Paul-de-Vence, distingu\u00e9 par le label Relais &amp; Ch\u00e2teaux, seulement un an apr\u00e8s son ouverture.<\/p>\n<p>Votre r\u00e9gion, votre actu !<\/p>\n<p>Recevez chaque jour les infos qui comptent pour vous.<\/p>\n<p>\t<a href=\"https:\/\/actu.fr\/newsletter\" class=\"ac-btn ac-btn--corner ac-btn--medium ac-btn--blue800\" target=\"_blank\" rel=\"noopener\">S&rsquo;incrire<\/a><br \/>\nUn h\u00e9ritage familial et \u00e9conomique<\/p>\n<p class=\" wall-content\">Le d\u00e9veloppement se poursuit avec la cr\u00e9ation du Polygone Riviera \u00e0 Cagnes-sur-Mer, nouvelle d\u00e9clinaison de son concept urbain et commercial. Deux h\u00f4tels viennent ensuite enrichir la collection. La Villa Haussmann ouvre ses portes \u00e0 Paris, tandis que la Bastide de Biot rejoint l\u2019ensemble. Depuis 2022, la direction du groupe Elancia est assur\u00e9e par sa fille, C\u00e9lia Chambon. L\u2019entreprise compte aujourd\u2019hui <strong>pr\u00e8s de 400 collaborateurs.<\/strong> En 2023, elle a r\u00e9alis\u00e9 un chiffre d\u2019affaires de 60 millions d\u2019euros. Le groupe exploite 170 000 m\u00b2 de surfaces commerciales en France et propose, via sa fili\u00e8re h\u00f4teli\u00e8re SFH, 275 chambres de luxe r\u00e9parties dans cinq \u00e9tablissements.<\/p>\n<p class=\" wall-content\">Henri Chambon aura pass\u00e9 sa vie \u00e0 fa\u00e7onner des lieux o\u00f9 l\u2019on se croise, o\u00f9 l\u2019on s\u00e9journe, o\u00f9 l\u2019on vit la ville autrement.<\/p>\n<p class=\" wall-content\">Personnalisez votre actualit\u00e9 en ajoutant vos villes et m\u00e9dias en favori avec <a href=\"https:\/\/moncompte.actu.fr\" title=\"D\u00e9couvez Mon Actu\" rel=\"nofollow noopener\" data-trk=\"{&quot;cta&quot;:{&quot;action&quot;:&quot;https:\\\/\\\/moncompte.actu.fr&quot;,&quot;category&quot;:&quot;mon compte&quot;,&quot;from&quot;:&quot;article footer&quot;,&quot;name&quot;:&quot;Mon actu&quot;,&quot;type&quot;:&quot;cta&quot;}}\" target=\"_blank\">Mon Actu<\/a>.<\/p>\n","protected":false},"excerpt":{"rendered":"Par R\u00e9daction M\u00e9tropolitain Publi\u00e9 le 12 janv. 2026 \u00e0 11h20 En 1975, il pariait sur un centre commercial&hellip;\n","protected":false},"author":2,"featured_media":659914,"comment_status":"","ping_status":"","sticky":false,"template":"","format":"standard","meta":{"footnotes":""},"categories":[9599],"tags":[1111,11,215,1777,674,1011,27,1116,2208,12,2680,59901,25,104],"class_list":{"0":"post-659913","1":"post","2":"type-post","3":"status-publish","4":"format-standard","5":"has-post-thumbnail","7":"category-montpellier","8":"tag-actu","9":"tag-actualites","10":"tag-commerce","11":"tag-eu","12":"tag-europe","13":"tag-fr","14":"tag-france","15":"tag-immobilier","16":"tag-montpellier","17":"tag-news","18":"tag-occitanie","19":"tag-polygone-montpellier","20":"tag-republique-francaise","21":"tag-societe"},"share_on_mastodon":{"url":"https:\/\/pubeurope.com\/@fr\/115886036356674478","error":""},"_links":{"self":[{"href":"https:\/\/www.europesays.com\/fr\/wp-json\/wp\/v2\/posts\/659913","targetHints":{"allow":["GET"]}}],"collection":[{"href":"https:\/\/www.europesays.com\/fr\/wp-json\/wp\/v2\/posts"}],"about":[{"href":"https:\/\/www.europesays.com\/fr\/wp-json\/wp\/v2\/types\/post"}],"author":[{"embeddable":true,"href":"https:\/\/www.europesays.com\/fr\/wp-json\/wp\/v2\/users\/2"}],"replies":[{"embeddable":true,"href":"https:\/\/www.europesays.com\/fr\/wp-json\/wp\/v2\/comments?post=659913"}],"version-history":[{"count":0,"href":"https:\/\/www.europesays.com\/fr\/wp-json\/wp\/v2\/posts\/659913\/revisions"}],"wp:featuredmedia":[{"embeddable":true,"href":"https:\/\/www.europesays.com\/fr\/wp-json\/wp\/v2\/media\/659914"}],"wp:attachment":[{"href":"https:\/\/www.europesays.com\/fr\/wp-json\/wp\/v2\/media?parent=659913"}],"wp:term":[{"taxonomy":"category","embeddable":true,"href":"https:\/\/www.europesays.com\/fr\/wp-json\/wp\/v2\/categories?post=659913"},{"taxonomy":"post_tag","embeddable":true,"href":"https:\/\/www.europesays.com\/fr\/wp-json\/wp\/v2\/tags?post=659913"}],"curies":[{"name":"wp","href":"https:\/\/api.w.org\/{rel}","templated":true}]}}