{"id":659915,"date":"2026-01-13T05:02:14","date_gmt":"2026-01-13T05:02:14","guid":{"rendered":"https:\/\/www.europesays.com\/fr\/659915\/"},"modified":"2026-01-13T05:02:14","modified_gmt":"2026-01-13T05:02:14","slug":"des-policiers-en-civil-pris-pour-des-acheteurs-de-drogue-a-montpellier","status":"publish","type":"post","link":"https:\/\/www.europesays.com\/fr\/659915\/","title":{"rendered":"Des policiers en civil pris pour des acheteurs de drogue \u00e0 Montpellier"},"content":{"rendered":"<p>Des policiers se sont fait proposer de la drogue \u00e0 Montpellier dans la nuit du 9 au 10 janvier. Des hommes de la Bac, en civil, qui se trouvaient \u00e0 la cit\u00e9 G\u00e9ly, connue pour \u00eatre un lieu de deal. Deux personnes ont \u00e9t\u00e9 arr\u00eat\u00e9es avec plus de 1.000 euros sur elles et 10g de coca\u00efne.\n<\/p>\n<p>Alors qu&rsquo;ils \u00e9taient \u00e0 pied, au c\u0153ur de la cit\u00e9 G\u00e9ly \u00e0 Montpellier, deux policiers en civils ont \u00e9t\u00e9 abord\u00e9s par un jeune\u00a0 homme d&rsquo;une vingtaine d&rsquo;ann\u00e9es, samedi 10 janvier aux alentours de 3 heures du matin. Il leur a propos\u00e9 de la coca\u00efne et de les conduire aupr\u00e8s d&rsquo;une connaissance du <strong>quartier, connu pour \u00eatre un lieu de deal.<\/strong><\/p>\n<p>Les agents de la Bac se sont alors trouv\u00e9s face \u00e0 une autre jeune homme, vendeur de coca\u00efne. Ils ont arr\u00eat\u00e9s les deux suspects. <strong>Les policiers\u00a0ont saisi 820 euros en esp\u00e8ces sur l&rsquo;un, 250 euros et 10 g de coca\u00efne sur l&rsquo;autre<\/strong>. Ils devaient \u00eatre jug\u00e9s ce lundi apr\u00e8s-midi selon la proc\u00e9dure la comparution sur reconnaissance pr\u00e9alable de culpabilit\u00e9, qu&rsquo;on appelle \u00e9galement le plaider-coupable.<\/p>\n","protected":false},"excerpt":{"rendered":"Des policiers se sont fait proposer de la drogue \u00e0 Montpellier dans la nuit du 9 au 10&hellip;\n","protected":false},"author":2,"featured_media":659916,"comment_status":"","ping_status":"","sticky":false,"template":"","format":"standard","meta":{"footnotes":""},"categories":[9599],"tags":[1111,11,1777,674,1011,27,2208,12,2680,25],"class_list":{"0":"post-659915","1":"post","2":"type-post","3":"status-publish","4":"format-standard","5":"has-post-thumbnail","7":"category-montpellier","8":"tag-actu","9":"tag-actualites","10":"tag-eu","11":"tag-europe","12":"tag-fr","13":"tag-france","14":"tag-montpellier","15":"tag-news","16":"tag-occitanie","17":"tag-republique-francaise"},"share_on_mastodon":{"url":"https:\/\/pubeurope.com\/@fr\/115886040193699829","error":""},"_links":{"self":[{"href":"https:\/\/www.europesays.com\/fr\/wp-json\/wp\/v2\/posts\/659915","targetHints":{"allow":["GET"]}}],"collection":[{"href":"https:\/\/www.europesays.com\/fr\/wp-json\/wp\/v2\/posts"}],"about":[{"href":"https:\/\/www.europesays.com\/fr\/wp-json\/wp\/v2\/types\/post"}],"author":[{"embeddable":true,"href":"https:\/\/www.europesays.com\/fr\/wp-json\/wp\/v2\/users\/2"}],"replies":[{"embeddable":true,"href":"https:\/\/www.europesays.com\/fr\/wp-json\/wp\/v2\/comments?post=659915"}],"version-history":[{"count":0,"href":"https:\/\/www.europesays.com\/fr\/wp-json\/wp\/v2\/posts\/659915\/revisions"}],"wp:featuredmedia":[{"embeddable":true,"href":"https:\/\/www.europesays.com\/fr\/wp-json\/wp\/v2\/media\/659916"}],"wp:attachment":[{"href":"https:\/\/www.europesays.com\/fr\/wp-json\/wp\/v2\/media?parent=659915"}],"wp:term":[{"taxonomy":"category","embeddable":true,"href":"https:\/\/www.europesays.com\/fr\/wp-json\/wp\/v2\/categories?post=659915"},{"taxonomy":"post_tag","embeddable":true,"href":"https:\/\/www.europesays.com\/fr\/wp-json\/wp\/v2\/tags?post=659915"}],"curies":[{"name":"wp","href":"https:\/\/api.w.org\/{rel}","templated":true}]}}