{"id":659917,"date":"2026-01-13T05:04:17","date_gmt":"2026-01-13T05:04:17","guid":{"rendered":"https:\/\/www.europesays.com\/fr\/659917\/"},"modified":"2026-01-13T05:04:17","modified_gmt":"2026-01-13T05:04:17","slug":"un-3eme-renfort-pour-le-paris-13-atletico","status":"publish","type":"post","link":"https:\/\/www.europesays.com\/fr\/659917\/","title":{"rendered":"un 3\u00e8me renfort pour le Paris 13 Atletico"},"content":{"rendered":"<p>Sans club depuis son d\u00e9part du FC Rouen, l\u2019\u00e9t\u00e9 dernier, Mohamed Ouadah s\u2019est engag\u00e9 avec le Paris 13 Atletico, \u00e9galement pensionnaire de National. Le Franco-alg\u00e9rien de 31 ans, n\u00e9 \u00e0 Louviers (Eure), pass\u00e9 par Beauvais, Oissel, Bastia-Borgo, mais aussi Laval et Dunkerque, en Ligue 2, ainsi que Riga, en Lettonie, a vu son passage en Normandie perturb\u00e9 par une grave blessure au genou et reste sur une saison blanche.\u00a0<\/p>\n<p><a href=\"https:\/\/www.lequotidiendusport.fr\/football-parisien\/\" target=\"_blank\" rel=\"noopener\"><img loading=\"lazy\" decoding=\"async\" width=\"1024\" height=\"1024\" src=\"https:\/\/www.europesays.com\/fr\/wp-content\/uploads\/2026\/01\/LOGO-FOOTPARISIEN.png\" alt=\"\" class=\"wp-image-3074953 size-full\"\/><\/a><\/p>\n<p>Mohamed Ouadah est la troisi\u00e8me recrue du 11\u00e8me de National, apr\u00e8s le d\u00e9fenseur central Jordan\u00a0Poha (22 ans), en provenance de Valenciennes, et l\u2019international Guin\u00e9en, Ousmane\u00a0Drame, en provenance de l\u2019Hafia FC (Guin\u00e9e), qui \u00e9volue au poste de milieu axial.\u00a0<\/p>\n","protected":false},"excerpt":{"rendered":"Sans club depuis son d\u00e9part du FC Rouen, l\u2019\u00e9t\u00e9 dernier, Mohamed Ouadah s\u2019est engag\u00e9 avec le Paris 13&hellip;\n","protected":false},"author":2,"featured_media":659918,"comment_status":"","ping_status":"","sticky":false,"template":"","format":"standard","meta":{"footnotes":""},"categories":[9587],"tags":[1111,11,1777,674,1011,27,12,5161,25,9590],"class_list":{"0":"post-659917","1":"post","2":"type-post","3":"status-publish","4":"format-standard","5":"has-post-thumbnail","7":"category-rouen","8":"tag-actu","9":"tag-actualites","10":"tag-eu","11":"tag-europe","12":"tag-fr","13":"tag-france","14":"tag-news","15":"tag-normandie","16":"tag-republique-francaise","17":"tag-rouen"},"share_on_mastodon":{"url":"https:\/\/pubeurope.com\/@fr\/115886048141438702","error":""},"_links":{"self":[{"href":"https:\/\/www.europesays.com\/fr\/wp-json\/wp\/v2\/posts\/659917","targetHints":{"allow":["GET"]}}],"collection":[{"href":"https:\/\/www.europesays.com\/fr\/wp-json\/wp\/v2\/posts"}],"about":[{"href":"https:\/\/www.europesays.com\/fr\/wp-json\/wp\/v2\/types\/post"}],"author":[{"embeddable":true,"href":"https:\/\/www.europesays.com\/fr\/wp-json\/wp\/v2\/users\/2"}],"replies":[{"embeddable":true,"href":"https:\/\/www.europesays.com\/fr\/wp-json\/wp\/v2\/comments?post=659917"}],"version-history":[{"count":0,"href":"https:\/\/www.europesays.com\/fr\/wp-json\/wp\/v2\/posts\/659917\/revisions"}],"wp:featuredmedia":[{"embeddable":true,"href":"https:\/\/www.europesays.com\/fr\/wp-json\/wp\/v2\/media\/659918"}],"wp:attachment":[{"href":"https:\/\/www.europesays.com\/fr\/wp-json\/wp\/v2\/media?parent=659917"}],"wp:term":[{"taxonomy":"category","embeddable":true,"href":"https:\/\/www.europesays.com\/fr\/wp-json\/wp\/v2\/categories?post=659917"},{"taxonomy":"post_tag","embeddable":true,"href":"https:\/\/www.europesays.com\/fr\/wp-json\/wp\/v2\/tags?post=659917"}],"curies":[{"name":"wp","href":"https:\/\/api.w.org\/{rel}","templated":true}]}}