{"id":659939,"date":"2026-01-13T05:20:10","date_gmt":"2026-01-13T05:20:10","guid":{"rendered":"https:\/\/www.europesays.com\/fr\/659939\/"},"modified":"2026-01-13T05:20:10","modified_gmt":"2026-01-13T05:20:10","slug":"stade-toulousain-beaucoup-dimpact-sur-le-groupe-pourquoi-antoine-dupont-et-toulouse-vont-etre-marques-par-la-defaite-aux-saracens","status":"publish","type":"post","link":"https:\/\/www.europesays.com\/fr\/659939\/","title":{"rendered":"Stade Toulousain\u00a0: \u00ab\u00a0Beaucoup d\u2019impact sur le groupe\u2026\u00a0\u00bb Pourquoi Antoine Dupont et Toulouse vont \u00eatre marqu\u00e9s par la d\u00e9faite aux Saracens"},"content":{"rendered":"<p>\n                                                                    l&rsquo;essentiel<br \/>\n                                                                La d\u00e9faite de Londres face aux Saracens (20-14) va marquer la saison des Toulousains dont la g\u00e9n\u00e9ration actuelle n\u2019a jamais connu deux fois l\u2019\u00e9chec en phase de poule de Champions Cup. La r\u00e9action est attendue d\u00e8s samedi face \u00e0 une autre \u00e9quipe anglaise\u00a0: les Sharks de Sale.\n                            <\/p>\n<p>Il y a des d\u00e9faites qui font plus mal que d\u2019autres. \u00ab\u00a0Ce n\u2019est pas juste un match de championnat qu\u2019on peut\u00a0rattraper facilement car on sait que le format est beaucoup plus long\u00a0\u00bb, disait d\u2019ailleurs \u00e0 juste titre Antoine Dupont, \u00e0 l\u2019issue de la rencontre face aux Saracens, dimanche. Celle-ci, au m\u00eame titre que celle de Glasgow (28-21) rentrent dans la cat\u00e9gorie des matchs qui marqueront (en mal) la saison 2025-2026. Mais la d\u00e9faite de Londres peut-\u00eatre plus encore, tant les joueurs et le staff avaient pr\u00e9vu une r\u00e9action et force est de constater qu\u2019ils en ont \u00e9t\u00e9 incapables. Les mines d\u00e9confites des joueurs et le silence pesant \u00e9manant de leur vestiaire \u00e0 l\u2019issue du match en disant long sur la d\u00e9ception.<\/p>\n<p class=\"std-elt__inline\">\n        <strong>\u00c0 lire aussi :<\/strong><br \/>\n        <a href=\"https:\/\/www.ladepeche.fr\/2026\/01\/11\/analyse-saracens-stade-toulousain-la-nouvelle-desillusion-comment-les-rouge-et-noir-ont-perdu-le-fil-et-subi-leur-deuxieme-defaite-en-champions-cup-13156143.php\" target=\"_blank\" rel=\"noopener\">Saracens-Stade Toulousain\u00a0: la nouvelle d\u00e9sillusion\u2026 Comment les \u00ab\u00a0rouge et noir\u00a0\u00bb ont perdu le fil et subi leur deuxi\u00e8me d\u00e9faite en Champions Cup<\/a>\n    <\/p>\n<p>Alors certes, on pourrait trouver des circonstances att\u00e9nuantes. \u00c0 commencer par le nombre impressionnant de bless\u00e9s chez les trois-quarts\u00a0: Barassi, Capuozzo, Ntamack, Mallia, Gourgues, Remue, Pouzelgues. Ugo Mola pointait aussi un manque temps\u00a0: \u00ab\u00a0\u00c7a fait quatre semaines qu\u2019on ne s\u2019entra\u00eene pas trop au regard des f\u00eates, des boxing days, des p\u00e9riodes de cong\u00e9s \u00e0 donner, donc on court un peu apr\u00e8s le temps. Et en m\u00eame temps qu\u2019on court apr\u00e8s le temps, peut-\u00eatre qu\u2019on court un peu apr\u00e8s notre rugby\u00a0\u00bb, pointait-il apr\u00e8s le match.<\/p>\n<p class=\"std-elt__inline\">\n        <strong>\u00c0 lire aussi :<\/strong><br \/>\n        <a href=\"https:\/\/www.ladepeche.fr\/2026\/01\/12\/stade-toulousain-ils-sont-tous-maches-ugo-mola-en-dit-plus-sur-letat-des-joueurs-apres-le-match-des-saracens-13157276.php\" target=\"_blank\" rel=\"noopener\">Stade Toulousain\u00a0: \u00ab\u00a0Ils sont tous m\u00e2ch\u00e9s\u2026\u00a0\u00bb Ugo Mola en dit plus sur l\u2019\u00e9tat des joueurs apr\u00e8s le match des Saracens<\/a>\n    <\/p>\n<p>Les m\u00eames joueurs, pas les m\u00eames r\u00e9sultats<\/p>\n<p>Mais cela ne pouvait pas vraiment \u00eatre une excuse, car le calendrier est le m\u00eame que lors\u00a0des saisons pr\u00e9c\u00e9dentes et le Stade Toulousain a toujours \u00e9t\u00e9 confront\u00e9 \u00e0 cette probl\u00e9matique. Sauf qu\u2019avant, il s\u2019en sortait avec brio.\u00a0Et comme l\u2019avan\u00e7ait Antoine Dupont, ce sont les m\u00eames joueurs qui ont tout gagn\u00e9 ces derni\u00e8res saisons, qui se trouvent aujourd\u2019hui en difficult\u00e9.<\/p>\n<p class=\"std-elt__inline\">\n        <strong>\u00c0 lire aussi :<\/strong><br \/>\n        <a href=\"https:\/\/www.ladepeche.fr\/2026\/01\/12\/entretien-stade-toulousain-on-nest-pas-inspire-et-pas-inspirant-ugo-mola-remonte-apres-la-defaite-face-aux-saracens-13156465.php\" target=\"_blank\" rel=\"noopener\">ENTRETIEN. Stade Toulousain\u00a0: \u00ab\u00a0On n\u2019est pas inspir\u00e9 et pas inspirant\u00a0!\u00a0\u00bb Ugo Mola remont\u00e9 apr\u00e8s la d\u00e9faite face aux Saracens<\/a>\n    <\/p>\n<p>R\u00e9sultat, le groupe est touch\u00e9\u00a0: \u00ab\u00a0C\u2019est compliqu\u00e9 parce que cette d\u00e9faite a beaucoup d\u2019incidence. On sait que sur ces quatre matchs (en Champions Cup), on n\u2019a pas trop le droit \u00e0 l\u2019erreur et malheureusement, on a commis deux fois l\u2019erreur, d\u00e9taillait le capitaine du Stade.\u00a0\u00c9videmment que cette contre-performance a beaucoup plus d\u2019impact sur le groupe mais c\u2019est \u00e0 nous de redresser la t\u00eate d\u2019abord pour la semaine prochaine et si on arrive \u00e0 se qualifier, de montrer un autre visage ne serait-ce que pour nous on sait qu\u2019on est capable de faire bien mieux que \u00e7a.\u00a0\u00bb<\/p>\n<p class=\"std-elt__inline\">\n        <strong>\u00c0 lire aussi :<\/strong><br \/>\n        <a href=\"https:\/\/www.ladepeche.fr\/2026\/01\/11\/saracens-stade-toulousain-antoine-dupont-deplore-du-laxisme-et-des-choses-plus-quimparfaites-apres-la-defaite-13156326.php\" target=\"_blank\" rel=\"noopener\">Saracens-Stade Toulousain\u00a0: Antoine Dupont d\u00e9plore du \u00ab\u00a0laxisme\u00a0\u00bb et des \u00ab\u00a0choses plus qu\u2019imparfaites\u00a0\u00bb apr\u00e8s la d\u00e9faite<\/a>\n    <\/p>\n<p>La semaine prochaine, c\u2019est d\u00e9j\u00e0 samedi (\u00e0 18h \u00e0 Ernest-Wallon, face \u00e0 Sale). Avec un jour et demi d\u2019entra\u00eenement de moins comme le pointait Ugo Mola. Malgr\u00e9 cela, les joueurs auront \u00e0 coeur de lui donner tort et de lui montrer que Toulouse n\u2019est pas \u00ab\u00a0rentr\u00e9 dans le rang\u00a0\u00bb, comme l\u2019a conc\u00e9d\u00e9 le manager \u00e0 Londres.<\/p>\n","protected":false},"excerpt":{"rendered":"l&rsquo;essentiel La d\u00e9faite de Londres face aux Saracens (20-14) va marquer la saison des Toulousains dont la g\u00e9n\u00e9ration&hellip;\n","protected":false},"author":2,"featured_media":659940,"comment_status":"","ping_status":"","sticky":false,"template":"","format":"standard","meta":{"footnotes":""},"categories":[2816],"tags":[1111,11,1777,674,1011,27,2722,12,2680,25,68796,517,476,2312],"class_list":{"0":"post-659939","1":"post","2":"type-post","3":"status-publish","4":"format-standard","5":"has-post-thumbnail","7":"category-toulouse","8":"tag-actu","9":"tag-actualites","10":"tag-eu","11":"tag-europe","12":"tag-fr","13":"tag-france","14":"tag-haute-garonne","15":"tag-news","16":"tag-occitanie","17":"tag-republique-francaise","18":"tag-rugby-u00e0-xv","19":"tag-sport","20":"tag-stade-toulousain","21":"tag-toulouse"},"share_on_mastodon":{"url":"https:\/\/pubeurope.com\/@fr\/115886110962000698","error":""},"_links":{"self":[{"href":"https:\/\/www.europesays.com\/fr\/wp-json\/wp\/v2\/posts\/659939","targetHints":{"allow":["GET"]}}],"collection":[{"href":"https:\/\/www.europesays.com\/fr\/wp-json\/wp\/v2\/posts"}],"about":[{"href":"https:\/\/www.europesays.com\/fr\/wp-json\/wp\/v2\/types\/post"}],"author":[{"embeddable":true,"href":"https:\/\/www.europesays.com\/fr\/wp-json\/wp\/v2\/users\/2"}],"replies":[{"embeddable":true,"href":"https:\/\/www.europesays.com\/fr\/wp-json\/wp\/v2\/comments?post=659939"}],"version-history":[{"count":0,"href":"https:\/\/www.europesays.com\/fr\/wp-json\/wp\/v2\/posts\/659939\/revisions"}],"wp:featuredmedia":[{"embeddable":true,"href":"https:\/\/www.europesays.com\/fr\/wp-json\/wp\/v2\/media\/659940"}],"wp:attachment":[{"href":"https:\/\/www.europesays.com\/fr\/wp-json\/wp\/v2\/media?parent=659939"}],"wp:term":[{"taxonomy":"category","embeddable":true,"href":"https:\/\/www.europesays.com\/fr\/wp-json\/wp\/v2\/categories?post=659939"},{"taxonomy":"post_tag","embeddable":true,"href":"https:\/\/www.europesays.com\/fr\/wp-json\/wp\/v2\/tags?post=659939"}],"curies":[{"name":"wp","href":"https:\/\/api.w.org\/{rel}","templated":true}]}}