{"id":659943,"date":"2026-01-13T05:23:13","date_gmt":"2026-01-13T05:23:13","guid":{"rendered":"https:\/\/www.europesays.com\/fr\/659943\/"},"modified":"2026-01-13T05:23:13","modified_gmt":"2026-01-13T05:23:13","slug":"le-permis-dentreprendre-made-in-marseille","status":"publish","type":"post","link":"https:\/\/www.europesays.com\/fr\/659943\/","title":{"rendered":"le permis d&rsquo;entreprendre made in Marseille"},"content":{"rendered":"<p>Si la situation \u00e9conomique en France fait l&rsquo;objet de nombreux d\u00e9bats, l&rsquo;entrepreneuriat reste une voie privil\u00e9gi\u00e9e pour se lancer dans une nouvelle aventure. En 2024, un nouveau record a \u00e9t\u00e9 atteint avec pr\u00e8s de 1,2 millions de nouvelles entreprises cr\u00e9\u00e9es. Ces chiffres particuli\u00e8rement \u00e9lev\u00e9s ont retenu l&rsquo;attention de Benjamin Gaignault, cofondateur d&rsquo;<a href=\"https:\/\/www.laprovence.com\/article\/edition-marseille\/6040502\/etre-leader-mondial-de-lauto-ecole-a-prix-casse.html\" target=\"_blank\" rel=\"noopener\">Ornikar, auto-\u00e9cole en ligne<\/a>. \u00ab\u00a0Puisqu&rsquo;il existe un permis de conduire, pourquoi ne pas cr\u00e9er un permis d&rsquo;entreprendre ? Statistiquement, 3 entreprises sur 10 se crasheront au bout de 5 ans.\u00a0\u00bb\u00a0<\/p>\n<p>Une id\u00e9e qui va inciter ses amis C\u00e9dric Peyronel et Mario Manjon, dirigeants exp\u00e9riment\u00e9s \u00e0 compl\u00e9ter l&rsquo;offre d&rsquo;Aipoc, \u00e9cole initialement d\u00e9di\u00e9e sur l&rsquo;IA pour proposer un incubateur en ligne bas\u00e9 \u00e0 Marseille et accompagner la nouvelle g\u00e9n\u00e9ration d&rsquo;entrepreneurs \u00e0 maximiser leurs chances de r\u00e9ussite. \u00ab\u00a0On s&rsquo;\u00e9tait dit que ce serait marrant de cr\u00e9er un permis d&rsquo;entreprendre comme le permis de conduire et d&rsquo;avoir une formation pour les aider \u00e0 se lancer dans les meilleures conditions. Donc on ne vend pas un discours pour dire qu&rsquo;ils vont finir richissimes, mais plut\u00f4t de les accompagner pour qu&rsquo;ils puissent aller sur un produit o\u00f9 ils ont valid\u00e9 un march\u00e9, un financement et que cela tienne la route\u00a0\u00bb, explique C\u00e9dric Peyronel, cofondateur.<\/p>\n<p>L&rsquo;IA, un sujet majeur<\/p>\n<p>Cette formation certifiante \u00e9ligible CPF \u00e9tal\u00e9e sur trois mois repose sur l&rsquo;intervention r\u00e9guli\u00e8re de 20 experts et la mise en place de visioconf\u00e9rences pour avancer sur des probl\u00e9matiques inh\u00e9rentes \u00e0 l&rsquo;<a href=\"https:\/\/www.laprovence.com\/article\/contenu-sponsorise\/35861242554552\/entrepreneur-13-le-rendez-vous-incontournable-de-lecosysteme-economique-provencal-revient-jeudi\" target=\"_blank\" rel=\"noopener\">entrepreneuriat.<\/a> \u00ab\u00a0Il y aura des personnes pour les accompagner tout au long de la construction de leur business plan mais aussi quelqu&rsquo;un qui sera d\u00e9di\u00e9 \u00e0 l&rsquo;intelligence artificielle\u00a0\u00bb, d\u00e9taille-t-il.<\/p>\n<p>Et pour cause&#8230; l&rsquo;essor de l&rsquo;IA a g\u00e9n\u00e9r\u00e9 une \u00ab\u00a0hausse de 55% du nombre de startupers entre 2023 et 2025. Avec l&rsquo;IA on part plut\u00f4t du produit pour aller vers la vision donc on a plein de personnes qui gr\u00e2ce \u00e0 certains outils peuvent rapidement par exemple cr\u00e9er une application. Du coup, ils vont se dire qu&rsquo;ils peuvent lancer une bo\u00eete parce qu&rsquo;ils ont le produit mais en fait derri\u00e8re, il faut quand m\u00eame choisir son positionnement et conna\u00eetre son march\u00e9. Si les d\u00e9penses sont mal calcul\u00e9es, le projet ne peut pas durer sur long terme.\u00a0\u00bb<\/p>\n<p>Au terme du parcours, les 30 entrepreneurs (28 ans en moyenne) d\u00e9j\u00e0 engag\u00e9s, doivent pitcher leur projet devant un jury pour esp\u00e9rer obtenir leur permis d&rsquo;entreprendre.\u00a0 Si cette certification reste quelque peu symbolique, l&rsquo;objectif est de valoriser les principaux int\u00e9ress\u00e9s avant de se positionner sur des \u00e9ch\u00e9ances capitales. \u00ab\u00a0Il faut que cela donne confiance aux futurs partenaires de l&rsquo;entrepreneur.\u00a0\u00bb<\/p>\n","protected":false},"excerpt":{"rendered":"Si la situation \u00e9conomique en France fait l&rsquo;objet de nombreux d\u00e9bats, l&rsquo;entrepreneuriat reste une voie privil\u00e9gi\u00e9e pour se&hellip;\n","protected":false},"author":2,"featured_media":659944,"comment_status":"","ping_status":"","sticky":false,"template":"","format":"standard","meta":{"footnotes":""},"categories":[2814],"tags":[5734,1111,11,76186,33,1777,674,1011,27,38313,4074,9447,151,3052,884,12,471,882,25],"class_list":{"0":"post-659943","1":"post","2":"type-post","3":"status-publish","4":"format-standard","5":"has-post-thumbnail","7":"category-marseille","8":"tag-5734","9":"tag-actu","10":"tag-actualites","11":"tag-aipoc","12":"tag-economie","13":"tag-eu","14":"tag-europe","15":"tag-fr","16":"tag-france","17":"tag-incubateur","18":"tag-jeunes","19":"tag-lance","20":"tag-les","21":"tag-ligne","22":"tag-marseille","23":"tag-news","24":"tag-pour","25":"tag-provence-alpes-cote-dazur","26":"tag-republique-francaise"},"share_on_mastodon":{"url":"https:\/\/pubeurope.com\/@fr\/115886123028612156","error":""},"_links":{"self":[{"href":"https:\/\/www.europesays.com\/fr\/wp-json\/wp\/v2\/posts\/659943","targetHints":{"allow":["GET"]}}],"collection":[{"href":"https:\/\/www.europesays.com\/fr\/wp-json\/wp\/v2\/posts"}],"about":[{"href":"https:\/\/www.europesays.com\/fr\/wp-json\/wp\/v2\/types\/post"}],"author":[{"embeddable":true,"href":"https:\/\/www.europesays.com\/fr\/wp-json\/wp\/v2\/users\/2"}],"replies":[{"embeddable":true,"href":"https:\/\/www.europesays.com\/fr\/wp-json\/wp\/v2\/comments?post=659943"}],"version-history":[{"count":0,"href":"https:\/\/www.europesays.com\/fr\/wp-json\/wp\/v2\/posts\/659943\/revisions"}],"wp:featuredmedia":[{"embeddable":true,"href":"https:\/\/www.europesays.com\/fr\/wp-json\/wp\/v2\/media\/659944"}],"wp:attachment":[{"href":"https:\/\/www.europesays.com\/fr\/wp-json\/wp\/v2\/media?parent=659943"}],"wp:term":[{"taxonomy":"category","embeddable":true,"href":"https:\/\/www.europesays.com\/fr\/wp-json\/wp\/v2\/categories?post=659943"},{"taxonomy":"post_tag","embeddable":true,"href":"https:\/\/www.europesays.com\/fr\/wp-json\/wp\/v2\/tags?post=659943"}],"curies":[{"name":"wp","href":"https:\/\/api.w.org\/{rel}","templated":true}]}}