{"id":659947,"date":"2026-01-13T05:25:15","date_gmt":"2026-01-13T05:25:15","guid":{"rendered":"https:\/\/www.europesays.com\/fr\/659947\/"},"modified":"2026-01-13T05:25:15","modified_gmt":"2026-01-13T05:25:15","slug":"lucile-lacaze-livre-monte-mesure-pour-mesure","status":"publish","type":"post","link":"https:\/\/www.europesays.com\/fr\/659947\/","title":{"rendered":"Lucile Lacaze livre monte \u00ab\u00a0Mesure pour mesure\u00a0\u00bb"},"content":{"rendered":"<p><strong>Lucile Lacaze livre une version finement resserr\u00e9e de Mesure pour mesure de William Shakespeare. Interpr\u00e9t\u00e9e par quatre acteurs seulement, la com\u00e9die appara\u00eet dans toute sa cruaut\u00e9 et son ambigu\u00eft\u00e9.<\/strong><\/p>\n<p>\u00c0 sa fa\u00e7on \u00e0 la fois d\u00e9termin\u00e9e, pr\u00e9cise, de traverser le plateau pour aller se saisir d\u2019une couronne pas beaucoup plus impressionnante que celles qui coiffent les mangeurs de galettes, Erwan Vinesse ouvre le Mesure pour mesure mis en sc\u00e8ne par Lucile Lacaze sur une note complexe. En endossant ainsi \u00e0 vue le r\u00f4le du Duc de la Vienne imaginaire invent\u00e9e par Shakespeare, le com\u00e9dien Erwan Vinesse, \u00e9galement collaborateur artistique de la metteure en sc\u00e8ne sur cette pi\u00e8ce et ses deux pr\u00e9c\u00e9dentes \u2013 Beaucoup de bruit pour rien qu\u2019ils cr\u00e9ent en 2020 \u00e0 leur sortie de l\u2019ENSATT o\u00f9 ils \u00e9tudient tous deux, puis Nana d\u2019apr\u00e8s \u00c9mile Zola \u2013 affirme \u00e0 la fois un rapport ludique \u00e0 l\u2019\u0153uvre et une grande rigueur dans son interpr\u00e9tation. Tout le talent de la jeune distribution \u2013 Lucile Courtalin, Andr\u00e9as Chartier et Nathan Jousni en plus de l\u2019acteur d\u00e9j\u00e0 nomm\u00e9 \u2013 men\u00e9e par Lucile Lacaze est de tenir cette ambivalence sur la dur\u00e9e. L\u2019endurance du quatuor, pour filer la m\u00e9taphore sportive d\u00e9fendue dans cette adaptation de la com\u00e9die shakespearienne, tient pour beaucoup \u00e0 un habile resserrement du texte, en particulier au choix de le confier \u00e0 beaucoup moins d\u2019acteurs qu\u2019il n\u2019y a de r\u00f4les dans la pi\u00e8ce. Sur une sc\u00e8ne \u00e0 laquelle des marquages au sol donnent des airs de terrain d\u2019un sport aussi fictif que la Vienne de Shakespeare, les acteurs v\u00eatus comme pour un match d\u2019escrime \u2013 \u00e0 bien des d\u00e9tails pr\u00e8s, toujours bien pens\u00e9s \u2013 amusent autant qu\u2019ils scandalisent en se concentrant sur le sort d\u2019Isabella, la grande figure f\u00e9minine de la pi\u00e8ce. Une sacrifi\u00e9e.<\/p>\n<p><strong>Rire, r\u00e9volte et contradictions<\/strong><\/p>\n<p>Afin de ne rien perdre en clart\u00e9 dans sa d\u00e9marche de condensation, Lucile Lacaze fait de son Mesure pour mesure une chor\u00e9graphie rigoureuse dont les m\u00e9caniques font subtilement \u00e9cho aux machinations qui se succ\u00e8dent au d\u00e9triment des femmes de la pi\u00e8ce, Mariana et Isabella. Novice dans un couvent, cette jeune femme incarn\u00e9e comme la plupart des dames de la pi\u00e8ce \u2013 \u00e0 l\u2019exception de Mariana, dont le r\u00f4le est donn\u00e9 \u00e0 Nathan Jousni \u2013 tente d\u2019obtenir la gr\u00e2ce de son fr\u00e8re Claudio aupr\u00e8s d\u2019Angelo qui l\u2019a condamn\u00e9 pour fornication. Cet Angelo a \u00e9t\u00e9 nomm\u00e9 par ruse \u00e0 cette place par le Duc, qui se fait passer en attendant pour un religieux du nom de Fr\u00e8re Ludovic. Dans son adaptation, Lucile Lacaze accentue donc un traitement d\u00e9j\u00e0 tr\u00e8s mouvant de l\u2019identit\u00e9 dans la pi\u00e8ce d\u2019origine. Certains glissements sont particuli\u00e8rement d\u00e9licieux, comme lorsqu\u2019Isabella fait tomber son voile de novice pour devenir Ma\u00eetresse Exag\u00e9r\u00e9e, maquerelle victime comme elle du tournant autoritaire impos\u00e9 par Angelo. Andr\u00e9as Chartier, qui traite avec finesse les contradictions de ce personnage que le sens moral n\u2019emp\u00eache pas de chercher \u00e0 s\u2019approprier le corps d\u2019Isabella, est aussi en charge de Claudio. Entre bourreau et accus\u00e9, de m\u00eame qu\u2019entre vertu et vice la fronti\u00e8re est particuli\u00e8rement fine dans ce Mesure pour mesure, qui rend honneur \u00e0 l\u2019humour de Shakespeare autant qu\u2019\u00e0 la r\u00e9volte qu\u2019il exprime dans sa pi\u00e8ce contre les violences qui \u00e9crasent les plus fragiles.<\/p>\n<p><strong>Ana\u00efs Heluin<\/strong><\/p>\n","protected":false},"excerpt":{"rendered":"Lucile Lacaze livre une version finement resserr\u00e9e de Mesure pour mesure de William Shakespeare. Interpr\u00e9t\u00e9e par quatre acteurs&hellip;\n","protected":false},"author":2,"featured_media":659948,"comment_status":"","ping_status":"","sticky":false,"template":"","format":"standard","meta":{"footnotes":""},"categories":[1889],"tags":[1111,11,2430,1777,674,1011,27,2428,12,25],"class_list":{"0":"post-659947","1":"post","2":"type-post","3":"status-publish","4":"format-standard","5":"has-post-thumbnail","7":"category-lyon","8":"tag-actu","9":"tag-actualites","10":"tag-auvergne-rhone-alpes","11":"tag-eu","12":"tag-europe","13":"tag-fr","14":"tag-france","15":"tag-lyon","16":"tag-news","17":"tag-republique-francaise"},"share_on_mastodon":{"url":"https:\/\/pubeurope.com\/@fr\/115886130716446378","error":""},"_links":{"self":[{"href":"https:\/\/www.europesays.com\/fr\/wp-json\/wp\/v2\/posts\/659947","targetHints":{"allow":["GET"]}}],"collection":[{"href":"https:\/\/www.europesays.com\/fr\/wp-json\/wp\/v2\/posts"}],"about":[{"href":"https:\/\/www.europesays.com\/fr\/wp-json\/wp\/v2\/types\/post"}],"author":[{"embeddable":true,"href":"https:\/\/www.europesays.com\/fr\/wp-json\/wp\/v2\/users\/2"}],"replies":[{"embeddable":true,"href":"https:\/\/www.europesays.com\/fr\/wp-json\/wp\/v2\/comments?post=659947"}],"version-history":[{"count":0,"href":"https:\/\/www.europesays.com\/fr\/wp-json\/wp\/v2\/posts\/659947\/revisions"}],"wp:featuredmedia":[{"embeddable":true,"href":"https:\/\/www.europesays.com\/fr\/wp-json\/wp\/v2\/media\/659948"}],"wp:attachment":[{"href":"https:\/\/www.europesays.com\/fr\/wp-json\/wp\/v2\/media?parent=659947"}],"wp:term":[{"taxonomy":"category","embeddable":true,"href":"https:\/\/www.europesays.com\/fr\/wp-json\/wp\/v2\/categories?post=659947"},{"taxonomy":"post_tag","embeddable":true,"href":"https:\/\/www.europesays.com\/fr\/wp-json\/wp\/v2\/tags?post=659947"}],"curies":[{"name":"wp","href":"https:\/\/api.w.org\/{rel}","templated":true}]}}